{"id":78597,"date":"2026-04-07T12:57:47","date_gmt":"2026-04-07T12:57:47","guid":{"rendered":"https:\/\/ideatsg.com\/non-classifiee\/xiii-prix-jeune-entrepreneur-cajamurcia\/"},"modified":"2026-04-07T12:57:48","modified_gmt":"2026-04-07T12:57:48","slug":"xiii-prix-jeune-entrepreneur-cajamurcia","status":"publish","type":"post","link":"https:\/\/ideatsg.com\/fr\/idea-awards-fr\/xiii-prix-jeune-entrepreneur-cajamurcia\/","title":{"rendered":"XIII Prix Jeune Entrepreneur Cajamurcia"},"content":{"rendered":"<div class=\"wpb-content-wrapper\"><p>[vc_row][vc_column][vc_column_text]<\/p>\n<h1>XIII Prix Jeune Entrepreneur Cajamurcia<\/h1>\n<p>[\/vc_column_text][vc_column_text]<\/p>\n<h4><span style=\"color: #808080;\">Emilio S\u00e1nchez finaliste aux prix du jeune entrepreneur<\/span><\/h4>\n<p>[\/vc_column_text][vc_column_text]Le 23 novembre dernier, <strong>le prix CajaMurcia<\/strong> du jeune entrepreneur de la r\u00e9gion de Murcie a \u00e9t\u00e9 d\u00e9cern\u00e9. La c\u00e9r\u00e9monie a \u00e9t\u00e9 marqu\u00e9e par un \u00e9v\u00e9nement au cours duquel <strong>Ignacio Mart\u00ednez<\/strong>, fondateur et responsable principal de ClimasolWorld, a re\u00e7u le premier prix de la XIII \u00e9dition. Ce prix est attribu\u00e9 chaque ann\u00e9e par l&rsquo;Association des Jeunes Entrepreneurs de la R\u00e9gion de Murcie (<a href=\"https:\/\/www.ajeregiondemurcia.com\/\" target=\"_blank\" rel=\"noopener noreferrer\">AJE<\/a>) en reconnaissance des entrepreneurs de moins de 40 ans qui ont r\u00e9ussi \u00e0 consolider leur projet entrepreneurial.[\/vc_column_text][vc_column_text]<strong>Andr\u00e9s Romero<\/strong>, pr\u00e9sident de <a href=\"https:\/\/www.ajeregiondemurcia.com\/\" target=\"_blank\" rel=\"noopener noreferrer\">l&rsquo;AJE<\/a> de Murcie, a soulign\u00e9 l&rsquo;importance des jeunes entrepreneurs dans la r\u00e9gion, soulignant qu'\u00a0\u00bbils sont l&rsquo;avenir de Murcie\u00a0\u00bb et, surtout, qu&rsquo;ils ont le courage de parier sur une entreprise et de cr\u00e9er de la richesse.[\/vc_column_text][vc_column_text]Le conseiller aux Universit\u00e9s, aux Entreprises et \u00e0 la Recherche, <strong>Jos\u00e9 Ballesta<\/strong>, ainsi que le pr\u00e9sident de la Conf\u00e9d\u00e9ration R\u00e9gionale des Organisations Entrepreneuriales de Murcie (<a href=\"https:\/\/portal.croem.es\/Web20\/CROEMPortal.nsf\/xPrincipal.xsp\">CROEM<\/a>), ont remis une distinction aux finalistes, parmi lesquels se trouvait <strong>Emilio S\u00e1nchez<\/strong>, fondateur et CEO d&rsquo;IDEA Ingenier\u00eda, et <strong>Alejandro Mu\u00f1oz<\/strong> d&rsquo;Aromaiberica Serrana.[\/vc_column_text][\/vc_column][\/vc_row][vc_row][vc_column][vc_column_text]La c\u00e9r\u00e9monie a \u00e9t\u00e9 pr\u00e9c\u00e9d\u00e9e d&rsquo;un cocktail de gala \u00e0 l&rsquo;Archivo Regional, o\u00f9 les laur\u00e9ats ont partag\u00e9 ce moment sp\u00e9cial avec leurs proches.[\/vc_column_text][\/vc_column][\/vc_row][vc_row][vc_column][vc_btn title=\u00a0\u00bbPlus de prix\u00a0\u00bb link=\u00a0\u00bburl:https%3A%2F%2Fideatsg.com%2Ffr%2Fa-propos-didea%2Fqui-sommes-nous%2F%23premios|\u00a0\u00bb][\/vc_column][\/vc_row]<\/p>\n<\/div>","protected":false},"excerpt":{"rendered":"<p>[vc_row][vc_column][vc_column_text] XIII Prix Jeune Entrepreneur Cajamurcia [\/vc_column_text][vc_column_text] Emilio S\u00e1nchez finaliste aux prix du jeune entrepreneur [\/vc_column_text][vc_column_text]Le 23 novembre dernier, le prix CajaMurcia du jeune entrepreneur de la r\u00e9gion de Murcie a \u00e9t\u00e9 d\u00e9cern\u00e9. La c\u00e9r\u00e9monie a \u00e9t\u00e9 marqu\u00e9e par un \u00e9v\u00e9nement au cours duquel Ignacio Mart\u00ednez, fondateur et responsable principal de ClimasolWorld, a re\u00e7u le&hellip;<\/p>\n","protected":false},"author":7,"featured_media":44460,"comment_status":"open","ping_status":"open","sticky":false,"template":"","format":"standard","meta":{"footnotes":""},"categories":[3467],"tags":[],"class_list":["post-78597","post","type-post","status-publish","format-standard","has-post-thumbnail","hentry","category-idea-awards-fr","category-3467","description-off"],"yoast_head":"<!-- This site is optimized with the Yoast SEO plugin v27.4 - https:\/\/yoast.com\/product\/yoast-seo-wordpress\/ -->\n<title>XIII Prix Jeune Entrepreneur Cajamurcia - IDEA TSG<\/title>\n<meta name=\"robots\" content=\"index, follow, max-snippet:-1, max-image-preview:large, max-video-preview:-1\" \/>\n<link rel=\"canonical\" href=\"https:\/\/ideatsg.com\/fr\/idea-awards-fr\/xiii-prix-jeune-entrepreneur-cajamurcia\/\" \/>\n<meta property=\"og:locale\" content=\"fr_FR\" \/>\n<meta property=\"og:type\" content=\"article\" \/>\n<meta property=\"og:title\" content=\"XIII Prix Jeune Entrepreneur Cajamurcia - IDEA TSG\" \/>\n<meta property=\"og:description\" content=\"[vc_row][vc_column][vc_column_text] XIII Prix Jeune Entrepreneur Cajamurcia [\/vc_column_text][vc_column_text] Emilio S\u00e1nchez finaliste aux prix du jeune entrepreneur [\/vc_column_text][vc_column_text]Le 23 novembre dernier, le prix CajaMurcia du jeune entrepreneur de la r\u00e9gion de Murcie a \u00e9t\u00e9 d\u00e9cern\u00e9. La c\u00e9r\u00e9monie a \u00e9t\u00e9 marqu\u00e9e par un \u00e9v\u00e9nement au cours duquel Ignacio Mart\u00ednez, fondateur et responsable principal de ClimasolWorld, a re\u00e7u le&hellip;\" \/>\n<meta property=\"og:url\" content=\"https:\/\/ideatsg.com\/fr\/idea-awards-fr\/xiii-prix-jeune-entrepreneur-cajamurcia\/\" \/>\n<meta property=\"og:site_name\" content=\"IDEA TSG\" \/>\n<meta property=\"article:publisher\" content=\"https:\/\/www.facebook.com\/pages\/IDEA_Ingenieria\/128013450698535?fref=ts\" \/>\n<meta property=\"article:published_time\" content=\"2026-04-07T12:57:47+00:00\" \/>\n<meta property=\"article:modified_time\" content=\"2026-04-07T12:57:48+00:00\" \/>\n<meta property=\"og:image\" content=\"https:\/\/ideatsg.com\/wp-content\/uploads\/2018\/07\/foto-jovenes.jpg\" \/>\n\t<meta property=\"og:image:width\" content=\"627\" \/>\n\t<meta property=\"og:image:height\" content=\"352\" \/>\n\t<meta property=\"og:image:type\" content=\"image\/jpeg\" \/>\n<meta name=\"author\" content=\"Comunicaci\u00f3n IDEA\" \/>\n<meta name=\"twitter:card\" content=\"summary_large_image\" \/>\n<meta name=\"twitter:label1\" content=\"\u00c9crit par\" \/>\n\t<meta name=\"twitter:data1\" content=\"Comunicaci\u00f3n IDEA\" \/>\n\t<meta name=\"twitter:label2\" content=\"Dur\u00e9e de lecture estim\u00e9e\" \/>\n\t<meta name=\"twitter:data2\" content=\"2 minutes\" \/>\n<script type=\"application\/ld+json\" class=\"yoast-schema-graph\">{\"@context\":\"https:\\\/\\\/schema.org\",\"@graph\":[{\"@type\":\"Article\",\"@id\":\"https:\\\/\\\/ideatsg.com\\\/fr\\\/idea-awards-fr\\\/xiii-prix-jeune-entrepreneur-cajamurcia\\\/#article\",\"isPartOf\":{\"@id\":\"https:\\\/\\\/ideatsg.com\\\/fr\\\/idea-awards-fr\\\/xiii-prix-jeune-entrepreneur-cajamurcia\\\/\"},\"author\":{\"name\":\"Comunicaci\u00f3n IDEA\",\"@id\":\"https:\\\/\\\/ideatsg.com\\\/fr\\\/#\\\/schema\\\/person\\\/69d618fb5eb439569b1efcf36acad1c9\"},\"headline\":\"XIII Prix Jeune Entrepreneur Cajamurcia\",\"datePublished\":\"2026-04-07T12:57:47+00:00\",\"dateModified\":\"2026-04-07T12:57:48+00:00\",\"mainEntityOfPage\":{\"@id\":\"https:\\\/\\\/ideatsg.com\\\/fr\\\/idea-awards-fr\\\/xiii-prix-jeune-entrepreneur-cajamurcia\\\/\"},\"wordCount\":322,\"commentCount\":0,\"publisher\":{\"@id\":\"https:\\\/\\\/ideatsg.com\\\/fr\\\/#organization\"},\"image\":{\"@id\":\"https:\\\/\\\/ideatsg.com\\\/fr\\\/idea-awards-fr\\\/xiii-prix-jeune-entrepreneur-cajamurcia\\\/#primaryimage\"},\"thumbnailUrl\":\"https:\\\/\\\/ideatsg.com\\\/wp-content\\\/uploads\\\/2018\\\/07\\\/foto-jovenes.jpg\",\"articleSection\":[\"ID\u00c9A AWARDS\"],\"inLanguage\":\"fr-FR\",\"potentialAction\":[{\"@type\":\"CommentAction\",\"name\":\"Comment\",\"target\":[\"https:\\\/\\\/ideatsg.com\\\/fr\\\/idea-awards-fr\\\/xiii-prix-jeune-entrepreneur-cajamurcia\\\/#respond\"]}]},{\"@type\":\"WebPage\",\"@id\":\"https:\\\/\\\/ideatsg.com\\\/fr\\\/idea-awards-fr\\\/xiii-prix-jeune-entrepreneur-cajamurcia\\\/\",\"url\":\"https:\\\/\\\/ideatsg.com\\\/fr\\\/idea-awards-fr\\\/xiii-prix-jeune-entrepreneur-cajamurcia\\\/\",\"name\":\"XIII Prix Jeune Entrepreneur Cajamurcia - IDEA TSG\",\"isPartOf\":{\"@id\":\"https:\\\/\\\/ideatsg.com\\\/fr\\\/#website\"},\"primaryImageOfPage\":{\"@id\":\"https:\\\/\\\/ideatsg.com\\\/fr\\\/idea-awards-fr\\\/xiii-prix-jeune-entrepreneur-cajamurcia\\\/#primaryimage\"},\"image\":{\"@id\":\"https:\\\/\\\/ideatsg.com\\\/fr\\\/idea-awards-fr\\\/xiii-prix-jeune-entrepreneur-cajamurcia\\\/#primaryimage\"},\"thumbnailUrl\":\"https:\\\/\\\/ideatsg.com\\\/wp-content\\\/uploads\\\/2018\\\/07\\\/foto-jovenes.jpg\",\"datePublished\":\"2026-04-07T12:57:47+00:00\",\"dateModified\":\"2026-04-07T12:57:48+00:00\",\"breadcrumb\":{\"@id\":\"https:\\\/\\\/ideatsg.com\\\/fr\\\/idea-awards-fr\\\/xiii-prix-jeune-entrepreneur-cajamurcia\\\/#breadcrumb\"},\"inLanguage\":\"fr-FR\",\"potentialAction\":[{\"@type\":\"ReadAction\",\"target\":[\"https:\\\/\\\/ideatsg.com\\\/fr\\\/idea-awards-fr\\\/xiii-prix-jeune-entrepreneur-cajamurcia\\\/\"]}]},{\"@type\":\"ImageObject\",\"inLanguage\":\"fr-FR\",\"@id\":\"https:\\\/\\\/ideatsg.com\\\/fr\\\/idea-awards-fr\\\/xiii-prix-jeune-entrepreneur-cajamurcia\\\/#primaryimage\",\"url\":\"https:\\\/\\\/ideatsg.com\\\/wp-content\\\/uploads\\\/2018\\\/07\\\/foto-jovenes.jpg\",\"contentUrl\":\"https:\\\/\\\/ideatsg.com\\\/wp-content\\\/uploads\\\/2018\\\/07\\\/foto-jovenes.jpg\",\"width\":627,\"height\":352},{\"@type\":\"BreadcrumbList\",\"@id\":\"https:\\\/\\\/ideatsg.com\\\/fr\\\/idea-awards-fr\\\/xiii-prix-jeune-entrepreneur-cajamurcia\\\/#breadcrumb\",\"itemListElement\":[{\"@type\":\"ListItem\",\"position\":1,\"name\":\"Portada\",\"item\":\"https:\\\/\\\/ideatsg.com\\\/fr\\\/\"},{\"@type\":\"ListItem\",\"position\":2,\"name\":\"XIII Prix Jeune Entrepreneur Cajamurcia\"}]},{\"@type\":\"WebSite\",\"@id\":\"https:\\\/\\\/ideatsg.com\\\/fr\\\/#website\",\"url\":\"https:\\\/\\\/ideatsg.com\\\/fr\\\/\",\"name\":\"IDEA TSG\",\"description\":\"Dise\u00f1o Estructural Avanzado\",\"publisher\":{\"@id\":\"https:\\\/\\\/ideatsg.com\\\/fr\\\/#organization\"},\"potentialAction\":[{\"@type\":\"SearchAction\",\"target\":{\"@type\":\"EntryPoint\",\"urlTemplate\":\"https:\\\/\\\/ideatsg.com\\\/fr\\\/?s={search_term_string}\"},\"query-input\":{\"@type\":\"PropertyValueSpecification\",\"valueRequired\":true,\"valueName\":\"search_term_string\"}}],\"inLanguage\":\"fr-FR\"},{\"@type\":\"Organization\",\"@id\":\"https:\\\/\\\/ideatsg.com\\\/fr\\\/#organization\",\"name\":\"IDEA TSG\",\"url\":\"https:\\\/\\\/ideatsg.com\\\/fr\\\/\",\"logo\":{\"@type\":\"ImageObject\",\"inLanguage\":\"fr-FR\",\"@id\":\"https:\\\/\\\/ideatsg.com\\\/fr\\\/#\\\/schema\\\/logo\\\/image\\\/\",\"url\":\"https:\\\/\\\/ideatsg.com\\\/wp-content\\\/uploads\\\/2021\\\/10\\\/idea-ingenieria-logo.png\",\"contentUrl\":\"https:\\\/\\\/ideatsg.com\\\/wp-content\\\/uploads\\\/2021\\\/10\\\/idea-ingenieria-logo.png\",\"width\":198,\"height\":41,\"caption\":\"IDEA TSG\"},\"image\":{\"@id\":\"https:\\\/\\\/ideatsg.com\\\/fr\\\/#\\\/schema\\\/logo\\\/image\\\/\"},\"sameAs\":[\"https:\\\/\\\/www.facebook.com\\\/pages\\\/IDEA_Ingenieria\\\/128013450698535?fref=ts\",\"https:\\\/\\\/www.youtube.com\\\/user\\\/ideaingenieria?feature=watch\",\"https:\\\/\\\/www.instagram.com\\\/ideaingenieria\\\/\",\"https:\\\/\\\/www.linkedin.com\\\/company\\\/idea-ingenieria\"]},{\"@type\":\"Person\",\"@id\":\"https:\\\/\\\/ideatsg.com\\\/fr\\\/#\\\/schema\\\/person\\\/69d618fb5eb439569b1efcf36acad1c9\",\"name\":\"Comunicaci\u00f3n IDEA\",\"image\":{\"@type\":\"ImageObject\",\"inLanguage\":\"fr-FR\",\"@id\":\"https:\\\/\\\/secure.gravatar.com\\\/avatar\\\/29f8670429925c7a1811ff4df2a9b5bd4b4590d6a59def1e60bcf7a087a5c7bf?s=96&d=mm&r=g\",\"url\":\"https:\\\/\\\/secure.gravatar.com\\\/avatar\\\/29f8670429925c7a1811ff4df2a9b5bd4b4590d6a59def1e60bcf7a087a5c7bf?s=96&d=mm&r=g\",\"contentUrl\":\"https:\\\/\\\/secure.gravatar.com\\\/avatar\\\/29f8670429925c7a1811ff4df2a9b5bd4b4590d6a59def1e60bcf7a087a5c7bf?s=96&d=mm&r=g\",\"caption\":\"Comunicaci\u00f3n IDEA\"},\"description\":\"Departamento de comunicaci\u00f3n de IDEA TSG\",\"sameAs\":[\"http:\\\/\\\/www.ideatsg.com\"],\"url\":\"https:\\\/\\\/ideatsg.com\\\/fr\\\/author\\\/comunicacion-idea\\\/\"}]}<\/script>\n<!-- \/ Yoast SEO plugin. -->","yoast_head_json":{"title":"XIII Prix Jeune Entrepreneur Cajamurcia - IDEA TSG","robots":{"index":"index","follow":"follow","max-snippet":"max-snippet:-1","max-image-preview":"max-image-preview:large","max-video-preview":"max-video-preview:-1"},"canonical":"https:\/\/ideatsg.com\/fr\/idea-awards-fr\/xiii-prix-jeune-entrepreneur-cajamurcia\/","og_locale":"fr_FR","og_type":"article","og_title":"XIII Prix Jeune Entrepreneur Cajamurcia - IDEA TSG","og_description":"[vc_row][vc_column][vc_column_text] XIII Prix Jeune Entrepreneur Cajamurcia [\/vc_column_text][vc_column_text] Emilio S\u00e1nchez finaliste aux prix du jeune entrepreneur [\/vc_column_text][vc_column_text]Le 23 novembre dernier, le prix CajaMurcia du jeune entrepreneur de la r\u00e9gion de Murcie a \u00e9t\u00e9 d\u00e9cern\u00e9. La c\u00e9r\u00e9monie a \u00e9t\u00e9 marqu\u00e9e par un \u00e9v\u00e9nement au cours duquel Ignacio Mart\u00ednez, fondateur et responsable principal de ClimasolWorld, a re\u00e7u le&hellip;","og_url":"https:\/\/ideatsg.com\/fr\/idea-awards-fr\/xiii-prix-jeune-entrepreneur-cajamurcia\/","og_site_name":"IDEA TSG","article_publisher":"https:\/\/www.facebook.com\/pages\/IDEA_Ingenieria\/128013450698535?fref=ts","article_published_time":"2026-04-07T12:57:47+00:00","article_modified_time":"2026-04-07T12:57:48+00:00","og_image":[{"width":627,"height":352,"url":"https:\/\/ideatsg.com\/wp-content\/uploads\/2018\/07\/foto-jovenes.jpg","type":"image\/jpeg"}],"author":"Comunicaci\u00f3n IDEA","twitter_card":"summary_large_image","twitter_misc":{"\u00c9crit par":"Comunicaci\u00f3n IDEA","Dur\u00e9e de lecture estim\u00e9e":"2 minutes"},"schema":{"@context":"https:\/\/schema.org","@graph":[{"@type":"Article","@id":"https:\/\/ideatsg.com\/fr\/idea-awards-fr\/xiii-prix-jeune-entrepreneur-cajamurcia\/#article","isPartOf":{"@id":"https:\/\/ideatsg.com\/fr\/idea-awards-fr\/xiii-prix-jeune-entrepreneur-cajamurcia\/"},"author":{"name":"Comunicaci\u00f3n IDEA","@id":"https:\/\/ideatsg.com\/fr\/#\/schema\/person\/69d618fb5eb439569b1efcf36acad1c9"},"headline":"XIII Prix Jeune Entrepreneur Cajamurcia","datePublished":"2026-04-07T12:57:47+00:00","dateModified":"2026-04-07T12:57:48+00:00","mainEntityOfPage":{"@id":"https:\/\/ideatsg.com\/fr\/idea-awards-fr\/xiii-prix-jeune-entrepreneur-cajamurcia\/"},"wordCount":322,"commentCount":0,"publisher":{"@id":"https:\/\/ideatsg.com\/fr\/#organization"},"image":{"@id":"https:\/\/ideatsg.com\/fr\/idea-awards-fr\/xiii-prix-jeune-entrepreneur-cajamurcia\/#primaryimage"},"thumbnailUrl":"https:\/\/ideatsg.com\/wp-content\/uploads\/2018\/07\/foto-jovenes.jpg","articleSection":["ID\u00c9A AWARDS"],"inLanguage":"fr-FR","potentialAction":[{"@type":"CommentAction","name":"Comment","target":["https:\/\/ideatsg.com\/fr\/idea-awards-fr\/xiii-prix-jeune-entrepreneur-cajamurcia\/#respond"]}]},{"@type":"WebPage","@id":"https:\/\/ideatsg.com\/fr\/idea-awards-fr\/xiii-prix-jeune-entrepreneur-cajamurcia\/","url":"https:\/\/ideatsg.com\/fr\/idea-awards-fr\/xiii-prix-jeune-entrepreneur-cajamurcia\/","name":"XIII Prix Jeune Entrepreneur Cajamurcia - IDEA TSG","isPartOf":{"@id":"https:\/\/ideatsg.com\/fr\/#website"},"primaryImageOfPage":{"@id":"https:\/\/ideatsg.com\/fr\/idea-awards-fr\/xiii-prix-jeune-entrepreneur-cajamurcia\/#primaryimage"},"image":{"@id":"https:\/\/ideatsg.com\/fr\/idea-awards-fr\/xiii-prix-jeune-entrepreneur-cajamurcia\/#primaryimage"},"thumbnailUrl":"https:\/\/ideatsg.com\/wp-content\/uploads\/2018\/07\/foto-jovenes.jpg","datePublished":"2026-04-07T12:57:47+00:00","dateModified":"2026-04-07T12:57:48+00:00","breadcrumb":{"@id":"https:\/\/ideatsg.com\/fr\/idea-awards-fr\/xiii-prix-jeune-entrepreneur-cajamurcia\/#breadcrumb"},"inLanguage":"fr-FR","potentialAction":[{"@type":"ReadAction","target":["https:\/\/ideatsg.com\/fr\/idea-awards-fr\/xiii-prix-jeune-entrepreneur-cajamurcia\/"]}]},{"@type":"ImageObject","inLanguage":"fr-FR","@id":"https:\/\/ideatsg.com\/fr\/idea-awards-fr\/xiii-prix-jeune-entrepreneur-cajamurcia\/#primaryimage","url":"https:\/\/ideatsg.com\/wp-content\/uploads\/2018\/07\/foto-jovenes.jpg","contentUrl":"https:\/\/ideatsg.com\/wp-content\/uploads\/2018\/07\/foto-jovenes.jpg","width":627,"height":352},{"@type":"BreadcrumbList","@id":"https:\/\/ideatsg.com\/fr\/idea-awards-fr\/xiii-prix-jeune-entrepreneur-cajamurcia\/#breadcrumb","itemListElement":[{"@type":"ListItem","position":1,"name":"Portada","item":"https:\/\/ideatsg.com\/fr\/"},{"@type":"ListItem","position":2,"name":"XIII Prix Jeune Entrepreneur Cajamurcia"}]},{"@type":"WebSite","@id":"https:\/\/ideatsg.com\/fr\/#website","url":"https:\/\/ideatsg.com\/fr\/","name":"IDEA TSG","description":"Dise\u00f1o Estructural Avanzado","publisher":{"@id":"https:\/\/ideatsg.com\/fr\/#organization"},"potentialAction":[{"@type":"SearchAction","target":{"@type":"EntryPoint","urlTemplate":"https:\/\/ideatsg.com\/fr\/?s={search_term_string}"},"query-input":{"@type":"PropertyValueSpecification","valueRequired":true,"valueName":"search_term_string"}}],"inLanguage":"fr-FR"},{"@type":"Organization","@id":"https:\/\/ideatsg.com\/fr\/#organization","name":"IDEA TSG","url":"https:\/\/ideatsg.com\/fr\/","logo":{"@type":"ImageObject","inLanguage":"fr-FR","@id":"https:\/\/ideatsg.com\/fr\/#\/schema\/logo\/image\/","url":"https:\/\/ideatsg.com\/wp-content\/uploads\/2021\/10\/idea-ingenieria-logo.png","contentUrl":"https:\/\/ideatsg.com\/wp-content\/uploads\/2021\/10\/idea-ingenieria-logo.png","width":198,"height":41,"caption":"IDEA TSG"},"image":{"@id":"https:\/\/ideatsg.com\/fr\/#\/schema\/logo\/image\/"},"sameAs":["https:\/\/www.facebook.com\/pages\/IDEA_Ingenieria\/128013450698535?fref=ts","https:\/\/www.youtube.com\/user\/ideaingenieria?feature=watch","https:\/\/www.instagram.com\/ideaingenieria\/","https:\/\/www.linkedin.com\/company\/idea-ingenieria"]},{"@type":"Person","@id":"https:\/\/ideatsg.com\/fr\/#\/schema\/person\/69d618fb5eb439569b1efcf36acad1c9","name":"Comunicaci\u00f3n IDEA","image":{"@type":"ImageObject","inLanguage":"fr-FR","@id":"https:\/\/secure.gravatar.com\/avatar\/29f8670429925c7a1811ff4df2a9b5bd4b4590d6a59def1e60bcf7a087a5c7bf?s=96&d=mm&r=g","url":"https:\/\/secure.gravatar.com\/avatar\/29f8670429925c7a1811ff4df2a9b5bd4b4590d6a59def1e60bcf7a087a5c7bf?s=96&d=mm&r=g","contentUrl":"https:\/\/secure.gravatar.com\/avatar\/29f8670429925c7a1811ff4df2a9b5bd4b4590d6a59def1e60bcf7a087a5c7bf?s=96&d=mm&r=g","caption":"Comunicaci\u00f3n IDEA"},"description":"Departamento de comunicaci\u00f3n de IDEA TSG","sameAs":["http:\/\/www.ideatsg.com"],"url":"https:\/\/ideatsg.com\/fr\/author\/comunicacion-idea\/"}]}},"_links":{"self":[{"href":"https:\/\/ideatsg.com\/fr\/wp-json\/wp\/v2\/posts\/78597","targetHints":{"allow":["GET"]}}],"collection":[{"href":"https:\/\/ideatsg.com\/fr\/wp-json\/wp\/v2\/posts"}],"about":[{"href":"https:\/\/ideatsg.com\/fr\/wp-json\/wp\/v2\/types\/post"}],"author":[{"embeddable":true,"href":"https:\/\/ideatsg.com\/fr\/wp-json\/wp\/v2\/users\/7"}],"replies":[{"embeddable":true,"href":"https:\/\/ideatsg.com\/fr\/wp-json\/wp\/v2\/comments?post=78597"}],"version-history":[{"count":2,"href":"https:\/\/ideatsg.com\/fr\/wp-json\/wp\/v2\/posts\/78597\/revisions"}],"predecessor-version":[{"id":78599,"href":"https:\/\/ideatsg.com\/fr\/wp-json\/wp\/v2\/posts\/78597\/revisions\/78599"}],"wp:featuredmedia":[{"embeddable":true,"href":"https:\/\/ideatsg.com\/fr\/wp-json\/wp\/v2\/media\/44460"}],"wp:attachment":[{"href":"https:\/\/ideatsg.com\/fr\/wp-json\/wp\/v2\/media?parent=78597"}],"wp:term":[{"taxonomy":"category","embeddable":true,"href":"https:\/\/ideatsg.com\/fr\/wp-json\/wp\/v2\/categories?post=78597"},{"taxonomy":"post_tag","embeddable":true,"href":"https:\/\/ideatsg.com\/fr\/wp-json\/wp\/v2\/tags?post=78597"}],"curies":[{"name":"wp","href":"https:\/\/api.w.org\/{rel}","templated":true}]}}