{"id":78549,"date":"2026-04-07T07:28:27","date_gmt":"2026-04-07T07:28:27","guid":{"rendered":"https:\/\/ideatsg.com\/non-classifiee\/dessin-industriel-du-four-de-la-raffinerie-du-projet-total-optara-anvers-belgique\/"},"modified":"2026-04-07T07:28:29","modified_gmt":"2026-04-07T07:28:29","slug":"dessin-industriel-du-four-de-la-raffinerie-du-projet-total-optara-anvers-belgique","status":"publish","type":"post","link":"https:\/\/ideatsg.com\/fr\/ingenierie\/dessin-industriel-du-four-de-la-raffinerie-du-projet-total-optara-anvers-belgique\/","title":{"rendered":"Dessin industriel du Four de la Raffinerie du Projet Total Optara (ANVERS, BELGIQUE)"},"content":{"rendered":"<div class=\"wpb-content-wrapper\"><p>[vc_row][vc_column][vc_empty_space height=\u00a0\u00bb10px\u00a0\u00bb][vc_column_text]<\/p>\n<h4>Description du projet<\/h4>\n<p>[\/vc_column_text][vc_column_text]<\/p>\n<ul>\n<li>Travaux de mod\u00e9lisation et dessin technique industriel, pr\u00e9paration des informations n\u00e9cessaires \u00e0 la fabrication et \u00e0 l&rsquo;assemblage de la structure m\u00e9tallique du Four pour la Raffinerie Total Optara.<\/li>\n<\/ul>\n<p>[\/vc_column_text][vc_column_text]<\/p>\n<ul>\n<li>Les quantit\u00e9s approximatives de mat\u00e9riaux projet\u00e9s sont de 200 tonnes (structure radiante, convective, breeching, box de collecteur, conduit descendant, chemin\u00e9e, plateformes, rampes et \u00e9chelles).<\/li>\n<\/ul>\n<p>[\/vc_column_text][vc_column_text]<\/p>\n<div class=\"frame alignright\">Client | <strong>C.P.R.<\/strong><\/div>\n<p>[\/vc_column_text][\/vc_column][\/vc_row]<\/p>\n<\/div>","protected":false},"excerpt":{"rendered":"<p><!--:es--><br \/>\n<!--:--><!--:en--><!--:--><!--:fr-->Travaux de mod\u00e9lisation et dessin technique industrielle, pr\u00e9paration d&rsquo;information d&rsquo;atelier n\u00e9cessaire pour la fabrication et l&rsquo;assemblage de la structure d\u2019acier du fourneau de la Raffinerie du Projet Total Optara (ANVERS, BELGIQUE)<!--:--><\/p>\n","protected":false},"author":1,"featured_media":43076,"comment_status":"closed","ping_status":"open","sticky":false,"template":"","format":"standard","meta":{"footnotes":""},"categories":[3632,3635,3439,3634,3469,3441,3546,3636,3637],"tags":[3641,3631,3638,3639,3640,3633],"class_list":["post-78549","post","type-post","status-publish","format-standard","has-post-thumbnail","hentry","category-assistance-technique","category-dessin","category-ingenierie","category-ingenierie-detaillee","category-innovation-fr","category-modelisation","category-projets-industriels","category-realite-augmentee-virtuelle","category-supervision","tag-delineation","tag-inge-detail","tag-model","tag-modelisation","tag-proyectos-indus","tag-superv-indus","category-3632","category-3635","category-3439","category-3634","category-3469","category-3441","category-3546","category-3636","category-3637","description-off"],"yoast_head":"<!-- This site is optimized with the Yoast SEO plugin v27.4 - https:\/\/yoast.com\/product\/yoast-seo-wordpress\/ -->\n<title>Dessin industriel du Four de la Raffinerie Total Optara, Anvers<\/title>\n<meta name=\"description\" content=\"Travaux de mod\u00e9lisation et dessin technique industriel, pr\u00e9paration des informations n\u00e9cessaires \u00e0 la fabrication et \u00e0 l&#039;assemblage de la structure du Four de la Raffinerie Total Optara\" \/>\n<meta name=\"robots\" content=\"index, follow, max-snippet:-1, max-image-preview:large, max-video-preview:-1\" \/>\n<link rel=\"canonical\" href=\"https:\/\/ideatsg.com\/fr\/ingenierie\/dessin-industriel-du-four-de-la-raffinerie-du-projet-total-optara-anvers-belgique\/\" \/>\n<meta property=\"og:locale\" content=\"fr_FR\" \/>\n<meta property=\"og:type\" content=\"article\" \/>\n<meta property=\"og:title\" content=\"Dessin industriel du Four de la Raffinerie Total Optara, Anvers\" \/>\n<meta property=\"og:description\" content=\"Travaux de mod\u00e9lisation et dessin technique industriel, pr\u00e9paration des informations n\u00e9cessaires \u00e0 la fabrication et \u00e0 l&#039;assemblage de la structure du Four de la Raffinerie Total Optara\" \/>\n<meta property=\"og:url\" content=\"https:\/\/ideatsg.com\/fr\/ingenierie\/dessin-industriel-du-four-de-la-raffinerie-du-projet-total-optara-anvers-belgique\/\" \/>\n<meta property=\"og:site_name\" content=\"IDEA TSG\" \/>\n<meta property=\"article:publisher\" content=\"https:\/\/www.facebook.com\/pages\/IDEA_Ingenieria\/128013450698535?fref=ts\" \/>\n<meta property=\"article:published_time\" content=\"2026-04-07T07:28:27+00:00\" \/>\n<meta property=\"article:modified_time\" content=\"2026-04-07T07:28:29+00:00\" \/>\n<meta property=\"og:image\" content=\"https:\/\/ideatsg.com\/wp-content\/uploads\/2014\/05\/PF1871401-DELIN-TEKLA-HORNO_CPR-ASTURIAS_01-1024x722.jpg\" \/>\n\t<meta property=\"og:image:width\" content=\"1024\" \/>\n\t<meta property=\"og:image:height\" content=\"722\" \/>\n\t<meta property=\"og:image:type\" content=\"image\/jpeg\" \/>\n<meta name=\"author\" content=\"IDEA\" \/>\n<meta name=\"twitter:card\" content=\"summary_large_image\" \/>\n<meta name=\"twitter:label1\" content=\"\u00c9crit par\" \/>\n\t<meta name=\"twitter:data1\" content=\"IDEA\" \/>\n\t<meta name=\"twitter:label2\" content=\"Dur\u00e9e de lecture estim\u00e9e\" \/>\n\t<meta name=\"twitter:data2\" content=\"1 minute\" \/>\n<script type=\"application\/ld+json\" class=\"yoast-schema-graph\">{\"@context\":\"https:\\\/\\\/schema.org\",\"@graph\":[{\"@type\":\"Article\",\"@id\":\"https:\\\/\\\/ideatsg.com\\\/fr\\\/ingenierie\\\/dessin-industriel-du-four-de-la-raffinerie-du-projet-total-optara-anvers-belgique\\\/#article\",\"isPartOf\":{\"@id\":\"https:\\\/\\\/ideatsg.com\\\/fr\\\/ingenierie\\\/dessin-industriel-du-four-de-la-raffinerie-du-projet-total-optara-anvers-belgique\\\/\"},\"author\":{\"name\":\"IDEA\",\"@id\":\"https:\\\/\\\/ideatsg.com\\\/fr\\\/#\\\/schema\\\/person\\\/9d0a8e820b7bd25f988019f8e09f694a\"},\"headline\":\"Dessin industriel du Four de la Raffinerie du Projet Total Optara (ANVERS, BELGIQUE)\",\"datePublished\":\"2026-04-07T07:28:27+00:00\",\"dateModified\":\"2026-04-07T07:28:29+00:00\",\"mainEntityOfPage\":{\"@id\":\"https:\\\/\\\/ideatsg.com\\\/fr\\\/ingenierie\\\/dessin-industriel-du-four-de-la-raffinerie-du-projet-total-optara-anvers-belgique\\\/\"},\"wordCount\":115,\"publisher\":{\"@id\":\"https:\\\/\\\/ideatsg.com\\\/fr\\\/#organization\"},\"image\":{\"@id\":\"https:\\\/\\\/ideatsg.com\\\/fr\\\/ingenierie\\\/dessin-industriel-du-four-de-la-raffinerie-du-projet-total-optara-anvers-belgique\\\/#primaryimage\"},\"thumbnailUrl\":\"https:\\\/\\\/ideatsg.com\\\/wp-content\\\/uploads\\\/2014\\\/05\\\/PF1871401-DELIN-TEKLA-HORNO_CPR-ASTURIAS_01-1024x722.jpg\",\"keywords\":[\"delineation\",\"inge-d\u00e9tail\",\"model\",\"Mod\u00e9lisation\",\"proyectos-indus\",\"superv-indus\"],\"articleSection\":[\"ASSISTANCE TECHNIQUE\",\"DESSIN\",\"Ing\u00e9nierie\",\"ING\u00c9NIERIE D\u00c9TAILL\u00c9E\",\"INNOVATION\",\"Mod\u00e9lisation\",\"Projets industriels\",\"R\u00c9ALIT\u00c9 AUGMENT\u00c9E-VIRTUELLE\",\"SUPERVISION\"],\"inLanguage\":\"fr-FR\"},{\"@type\":\"WebPage\",\"@id\":\"https:\\\/\\\/ideatsg.com\\\/fr\\\/ingenierie\\\/dessin-industriel-du-four-de-la-raffinerie-du-projet-total-optara-anvers-belgique\\\/\",\"url\":\"https:\\\/\\\/ideatsg.com\\\/fr\\\/ingenierie\\\/dessin-industriel-du-four-de-la-raffinerie-du-projet-total-optara-anvers-belgique\\\/\",\"name\":\"Dessin industriel du Four de la Raffinerie Total Optara, Anvers\",\"isPartOf\":{\"@id\":\"https:\\\/\\\/ideatsg.com\\\/fr\\\/#website\"},\"primaryImageOfPage\":{\"@id\":\"https:\\\/\\\/ideatsg.com\\\/fr\\\/ingenierie\\\/dessin-industriel-du-four-de-la-raffinerie-du-projet-total-optara-anvers-belgique\\\/#primaryimage\"},\"image\":{\"@id\":\"https:\\\/\\\/ideatsg.com\\\/fr\\\/ingenierie\\\/dessin-industriel-du-four-de-la-raffinerie-du-projet-total-optara-anvers-belgique\\\/#primaryimage\"},\"thumbnailUrl\":\"https:\\\/\\\/ideatsg.com\\\/wp-content\\\/uploads\\\/2014\\\/05\\\/PF1871401-DELIN-TEKLA-HORNO_CPR-ASTURIAS_01-1024x722.jpg\",\"datePublished\":\"2026-04-07T07:28:27+00:00\",\"dateModified\":\"2026-04-07T07:28:29+00:00\",\"description\":\"Travaux de mod\u00e9lisation et dessin technique industriel, pr\u00e9paration des informations n\u00e9cessaires \u00e0 la fabrication et \u00e0 l'assemblage de la structure du Four de la Raffinerie Total Optara\",\"breadcrumb\":{\"@id\":\"https:\\\/\\\/ideatsg.com\\\/fr\\\/ingenierie\\\/dessin-industriel-du-four-de-la-raffinerie-du-projet-total-optara-anvers-belgique\\\/#breadcrumb\"},\"inLanguage\":\"fr-FR\",\"potentialAction\":[{\"@type\":\"ReadAction\",\"target\":[\"https:\\\/\\\/ideatsg.com\\\/fr\\\/ingenierie\\\/dessin-industriel-du-four-de-la-raffinerie-du-projet-total-optara-anvers-belgique\\\/\"]}]},{\"@type\":\"ImageObject\",\"inLanguage\":\"fr-FR\",\"@id\":\"https:\\\/\\\/ideatsg.com\\\/fr\\\/ingenierie\\\/dessin-industriel-du-four-de-la-raffinerie-du-projet-total-optara-anvers-belgique\\\/#primaryimage\",\"url\":\"https:\\\/\\\/ideatsg.com\\\/wp-content\\\/uploads\\\/2014\\\/05\\\/PF1871401-DELIN-TEKLA-HORNO_CPR-ASTURIAS_01-1024x722.jpg\",\"contentUrl\":\"https:\\\/\\\/ideatsg.com\\\/wp-content\\\/uploads\\\/2014\\\/05\\\/PF1871401-DELIN-TEKLA-HORNO_CPR-ASTURIAS_01-1024x722.jpg\",\"width\":1024,\"height\":722,\"caption\":\"Delineaci\u00f3n industrial de Horno Refiner\u00eda de Total Optara Project\"},{\"@type\":\"BreadcrumbList\",\"@id\":\"https:\\\/\\\/ideatsg.com\\\/fr\\\/ingenierie\\\/dessin-industriel-du-four-de-la-raffinerie-du-projet-total-optara-anvers-belgique\\\/#breadcrumb\",\"itemListElement\":[{\"@type\":\"ListItem\",\"position\":1,\"name\":\"Portada\",\"item\":\"https:\\\/\\\/ideatsg.com\\\/fr\\\/\"},{\"@type\":\"ListItem\",\"position\":2,\"name\":\"Dessin industriel du Four de la Raffinerie du Projet Total Optara (ANVERS, BELGIQUE)\"}]},{\"@type\":\"WebSite\",\"@id\":\"https:\\\/\\\/ideatsg.com\\\/fr\\\/#website\",\"url\":\"https:\\\/\\\/ideatsg.com\\\/fr\\\/\",\"name\":\"IDEA TSG\",\"description\":\"Dise\u00f1o Estructural Avanzado\",\"publisher\":{\"@id\":\"https:\\\/\\\/ideatsg.com\\\/fr\\\/#organization\"},\"potentialAction\":[{\"@type\":\"SearchAction\",\"target\":{\"@type\":\"EntryPoint\",\"urlTemplate\":\"https:\\\/\\\/ideatsg.com\\\/fr\\\/?s={search_term_string}\"},\"query-input\":{\"@type\":\"PropertyValueSpecification\",\"valueRequired\":true,\"valueName\":\"search_term_string\"}}],\"inLanguage\":\"fr-FR\"},{\"@type\":\"Organization\",\"@id\":\"https:\\\/\\\/ideatsg.com\\\/fr\\\/#organization\",\"name\":\"IDEA TSG\",\"url\":\"https:\\\/\\\/ideatsg.com\\\/fr\\\/\",\"logo\":{\"@type\":\"ImageObject\",\"inLanguage\":\"fr-FR\",\"@id\":\"https:\\\/\\\/ideatsg.com\\\/fr\\\/#\\\/schema\\\/logo\\\/image\\\/\",\"url\":\"https:\\\/\\\/ideatsg.com\\\/wp-content\\\/uploads\\\/2021\\\/10\\\/idea-ingenieria-logo.png\",\"contentUrl\":\"https:\\\/\\\/ideatsg.com\\\/wp-content\\\/uploads\\\/2021\\\/10\\\/idea-ingenieria-logo.png\",\"width\":198,\"height\":41,\"caption\":\"IDEA TSG\"},\"image\":{\"@id\":\"https:\\\/\\\/ideatsg.com\\\/fr\\\/#\\\/schema\\\/logo\\\/image\\\/\"},\"sameAs\":[\"https:\\\/\\\/www.facebook.com\\\/pages\\\/IDEA_Ingenieria\\\/128013450698535?fref=ts\",\"https:\\\/\\\/www.youtube.com\\\/user\\\/ideaingenieria?feature=watch\",\"https:\\\/\\\/www.instagram.com\\\/ideaingenieria\\\/\",\"https:\\\/\\\/www.linkedin.com\\\/company\\\/idea-ingenieria\"]},{\"@type\":\"Person\",\"@id\":\"https:\\\/\\\/ideatsg.com\\\/fr\\\/#\\\/schema\\\/person\\\/9d0a8e820b7bd25f988019f8e09f694a\",\"name\":\"IDEA\",\"image\":{\"@type\":\"ImageObject\",\"inLanguage\":\"fr-FR\",\"@id\":\"https:\\\/\\\/secure.gravatar.com\\\/avatar\\\/b843bb4dabde4018a3982cf16292148f48ce6dfbe2922fc5bf0b3f58d5014def?s=96&d=mm&r=g\",\"url\":\"https:\\\/\\\/secure.gravatar.com\\\/avatar\\\/b843bb4dabde4018a3982cf16292148f48ce6dfbe2922fc5bf0b3f58d5014def?s=96&d=mm&r=g\",\"contentUrl\":\"https:\\\/\\\/secure.gravatar.com\\\/avatar\\\/b843bb4dabde4018a3982cf16292148f48ce6dfbe2922fc5bf0b3f58d5014def?s=96&d=mm&r=g\",\"caption\":\"IDEA\"},\"url\":\"https:\\\/\\\/ideatsg.com\\\/fr\\\/author\\\/adminidea\\\/\"}]}<\/script>\n<!-- \/ Yoast SEO plugin. -->","yoast_head_json":{"title":"Dessin industriel du Four de la Raffinerie Total Optara, Anvers","description":"Travaux de mod\u00e9lisation et dessin technique industriel, pr\u00e9paration des informations n\u00e9cessaires \u00e0 la fabrication et \u00e0 l'assemblage de la structure du Four de la Raffinerie Total Optara","robots":{"index":"index","follow":"follow","max-snippet":"max-snippet:-1","max-image-preview":"max-image-preview:large","max-video-preview":"max-video-preview:-1"},"canonical":"https:\/\/ideatsg.com\/fr\/ingenierie\/dessin-industriel-du-four-de-la-raffinerie-du-projet-total-optara-anvers-belgique\/","og_locale":"fr_FR","og_type":"article","og_title":"Dessin industriel du Four de la Raffinerie Total Optara, Anvers","og_description":"Travaux de mod\u00e9lisation et dessin technique industriel, pr\u00e9paration des informations n\u00e9cessaires \u00e0 la fabrication et \u00e0 l'assemblage de la structure du Four de la Raffinerie Total Optara","og_url":"https:\/\/ideatsg.com\/fr\/ingenierie\/dessin-industriel-du-four-de-la-raffinerie-du-projet-total-optara-anvers-belgique\/","og_site_name":"IDEA TSG","article_publisher":"https:\/\/www.facebook.com\/pages\/IDEA_Ingenieria\/128013450698535?fref=ts","article_published_time":"2026-04-07T07:28:27+00:00","article_modified_time":"2026-04-07T07:28:29+00:00","og_image":[{"width":1024,"height":722,"url":"https:\/\/ideatsg.com\/wp-content\/uploads\/2014\/05\/PF1871401-DELIN-TEKLA-HORNO_CPR-ASTURIAS_01-1024x722.jpg","type":"image\/jpeg"}],"author":"IDEA","twitter_card":"summary_large_image","twitter_misc":{"\u00c9crit par":"IDEA","Dur\u00e9e de lecture estim\u00e9e":"1 minute"},"schema":{"@context":"https:\/\/schema.org","@graph":[{"@type":"Article","@id":"https:\/\/ideatsg.com\/fr\/ingenierie\/dessin-industriel-du-four-de-la-raffinerie-du-projet-total-optara-anvers-belgique\/#article","isPartOf":{"@id":"https:\/\/ideatsg.com\/fr\/ingenierie\/dessin-industriel-du-four-de-la-raffinerie-du-projet-total-optara-anvers-belgique\/"},"author":{"name":"IDEA","@id":"https:\/\/ideatsg.com\/fr\/#\/schema\/person\/9d0a8e820b7bd25f988019f8e09f694a"},"headline":"Dessin industriel du Four de la Raffinerie du Projet Total Optara (ANVERS, BELGIQUE)","datePublished":"2026-04-07T07:28:27+00:00","dateModified":"2026-04-07T07:28:29+00:00","mainEntityOfPage":{"@id":"https:\/\/ideatsg.com\/fr\/ingenierie\/dessin-industriel-du-four-de-la-raffinerie-du-projet-total-optara-anvers-belgique\/"},"wordCount":115,"publisher":{"@id":"https:\/\/ideatsg.com\/fr\/#organization"},"image":{"@id":"https:\/\/ideatsg.com\/fr\/ingenierie\/dessin-industriel-du-four-de-la-raffinerie-du-projet-total-optara-anvers-belgique\/#primaryimage"},"thumbnailUrl":"https:\/\/ideatsg.com\/wp-content\/uploads\/2014\/05\/PF1871401-DELIN-TEKLA-HORNO_CPR-ASTURIAS_01-1024x722.jpg","keywords":["delineation","inge-d\u00e9tail","model","Mod\u00e9lisation","proyectos-indus","superv-indus"],"articleSection":["ASSISTANCE TECHNIQUE","DESSIN","Ing\u00e9nierie","ING\u00c9NIERIE D\u00c9TAILL\u00c9E","INNOVATION","Mod\u00e9lisation","Projets industriels","R\u00c9ALIT\u00c9 AUGMENT\u00c9E-VIRTUELLE","SUPERVISION"],"inLanguage":"fr-FR"},{"@type":"WebPage","@id":"https:\/\/ideatsg.com\/fr\/ingenierie\/dessin-industriel-du-four-de-la-raffinerie-du-projet-total-optara-anvers-belgique\/","url":"https:\/\/ideatsg.com\/fr\/ingenierie\/dessin-industriel-du-four-de-la-raffinerie-du-projet-total-optara-anvers-belgique\/","name":"Dessin industriel du Four de la Raffinerie Total Optara, Anvers","isPartOf":{"@id":"https:\/\/ideatsg.com\/fr\/#website"},"primaryImageOfPage":{"@id":"https:\/\/ideatsg.com\/fr\/ingenierie\/dessin-industriel-du-four-de-la-raffinerie-du-projet-total-optara-anvers-belgique\/#primaryimage"},"image":{"@id":"https:\/\/ideatsg.com\/fr\/ingenierie\/dessin-industriel-du-four-de-la-raffinerie-du-projet-total-optara-anvers-belgique\/#primaryimage"},"thumbnailUrl":"https:\/\/ideatsg.com\/wp-content\/uploads\/2014\/05\/PF1871401-DELIN-TEKLA-HORNO_CPR-ASTURIAS_01-1024x722.jpg","datePublished":"2026-04-07T07:28:27+00:00","dateModified":"2026-04-07T07:28:29+00:00","description":"Travaux de mod\u00e9lisation et dessin technique industriel, pr\u00e9paration des informations n\u00e9cessaires \u00e0 la fabrication et \u00e0 l'assemblage de la structure du Four de la Raffinerie Total Optara","breadcrumb":{"@id":"https:\/\/ideatsg.com\/fr\/ingenierie\/dessin-industriel-du-four-de-la-raffinerie-du-projet-total-optara-anvers-belgique\/#breadcrumb"},"inLanguage":"fr-FR","potentialAction":[{"@type":"ReadAction","target":["https:\/\/ideatsg.com\/fr\/ingenierie\/dessin-industriel-du-four-de-la-raffinerie-du-projet-total-optara-anvers-belgique\/"]}]},{"@type":"ImageObject","inLanguage":"fr-FR","@id":"https:\/\/ideatsg.com\/fr\/ingenierie\/dessin-industriel-du-four-de-la-raffinerie-du-projet-total-optara-anvers-belgique\/#primaryimage","url":"https:\/\/ideatsg.com\/wp-content\/uploads\/2014\/05\/PF1871401-DELIN-TEKLA-HORNO_CPR-ASTURIAS_01-1024x722.jpg","contentUrl":"https:\/\/ideatsg.com\/wp-content\/uploads\/2014\/05\/PF1871401-DELIN-TEKLA-HORNO_CPR-ASTURIAS_01-1024x722.jpg","width":1024,"height":722,"caption":"Delineaci\u00f3n industrial de Horno Refiner\u00eda de Total Optara Project"},{"@type":"BreadcrumbList","@id":"https:\/\/ideatsg.com\/fr\/ingenierie\/dessin-industriel-du-four-de-la-raffinerie-du-projet-total-optara-anvers-belgique\/#breadcrumb","itemListElement":[{"@type":"ListItem","position":1,"name":"Portada","item":"https:\/\/ideatsg.com\/fr\/"},{"@type":"ListItem","position":2,"name":"Dessin industriel du Four de la Raffinerie du Projet Total Optara (ANVERS, BELGIQUE)"}]},{"@type":"WebSite","@id":"https:\/\/ideatsg.com\/fr\/#website","url":"https:\/\/ideatsg.com\/fr\/","name":"IDEA TSG","description":"Dise\u00f1o Estructural Avanzado","publisher":{"@id":"https:\/\/ideatsg.com\/fr\/#organization"},"potentialAction":[{"@type":"SearchAction","target":{"@type":"EntryPoint","urlTemplate":"https:\/\/ideatsg.com\/fr\/?s={search_term_string}"},"query-input":{"@type":"PropertyValueSpecification","valueRequired":true,"valueName":"search_term_string"}}],"inLanguage":"fr-FR"},{"@type":"Organization","@id":"https:\/\/ideatsg.com\/fr\/#organization","name":"IDEA TSG","url":"https:\/\/ideatsg.com\/fr\/","logo":{"@type":"ImageObject","inLanguage":"fr-FR","@id":"https:\/\/ideatsg.com\/fr\/#\/schema\/logo\/image\/","url":"https:\/\/ideatsg.com\/wp-content\/uploads\/2021\/10\/idea-ingenieria-logo.png","contentUrl":"https:\/\/ideatsg.com\/wp-content\/uploads\/2021\/10\/idea-ingenieria-logo.png","width":198,"height":41,"caption":"IDEA TSG"},"image":{"@id":"https:\/\/ideatsg.com\/fr\/#\/schema\/logo\/image\/"},"sameAs":["https:\/\/www.facebook.com\/pages\/IDEA_Ingenieria\/128013450698535?fref=ts","https:\/\/www.youtube.com\/user\/ideaingenieria?feature=watch","https:\/\/www.instagram.com\/ideaingenieria\/","https:\/\/www.linkedin.com\/company\/idea-ingenieria"]},{"@type":"Person","@id":"https:\/\/ideatsg.com\/fr\/#\/schema\/person\/9d0a8e820b7bd25f988019f8e09f694a","name":"IDEA","image":{"@type":"ImageObject","inLanguage":"fr-FR","@id":"https:\/\/secure.gravatar.com\/avatar\/b843bb4dabde4018a3982cf16292148f48ce6dfbe2922fc5bf0b3f58d5014def?s=96&d=mm&r=g","url":"https:\/\/secure.gravatar.com\/avatar\/b843bb4dabde4018a3982cf16292148f48ce6dfbe2922fc5bf0b3f58d5014def?s=96&d=mm&r=g","contentUrl":"https:\/\/secure.gravatar.com\/avatar\/b843bb4dabde4018a3982cf16292148f48ce6dfbe2922fc5bf0b3f58d5014def?s=96&d=mm&r=g","caption":"IDEA"},"url":"https:\/\/ideatsg.com\/fr\/author\/adminidea\/"}]}},"_links":{"self":[{"href":"https:\/\/ideatsg.com\/fr\/wp-json\/wp\/v2\/posts\/78549","targetHints":{"allow":["GET"]}}],"collection":[{"href":"https:\/\/ideatsg.com\/fr\/wp-json\/wp\/v2\/posts"}],"about":[{"href":"https:\/\/ideatsg.com\/fr\/wp-json\/wp\/v2\/types\/post"}],"author":[{"embeddable":true,"href":"https:\/\/ideatsg.com\/fr\/wp-json\/wp\/v2\/users\/1"}],"replies":[{"embeddable":true,"href":"https:\/\/ideatsg.com\/fr\/wp-json\/wp\/v2\/comments?post=78549"}],"version-history":[{"count":2,"href":"https:\/\/ideatsg.com\/fr\/wp-json\/wp\/v2\/posts\/78549\/revisions"}],"predecessor-version":[{"id":78551,"href":"https:\/\/ideatsg.com\/fr\/wp-json\/wp\/v2\/posts\/78549\/revisions\/78551"}],"wp:featuredmedia":[{"embeddable":true,"href":"https:\/\/ideatsg.com\/fr\/wp-json\/wp\/v2\/media\/43076"}],"wp:attachment":[{"href":"https:\/\/ideatsg.com\/fr\/wp-json\/wp\/v2\/media?parent=78549"}],"wp:term":[{"taxonomy":"category","embeddable":true,"href":"https:\/\/ideatsg.com\/fr\/wp-json\/wp\/v2\/categories?post=78549"},{"taxonomy":"post_tag","embeddable":true,"href":"https:\/\/ideatsg.com\/fr\/wp-json\/wp\/v2\/tags?post=78549"}],"curies":[{"name":"wp","href":"https:\/\/api.w.org\/{rel}","templated":true}]}}