{"id":54120,"date":"2018-04-13T09:56:31","date_gmt":"2018-04-13T09:56:31","guid":{"rendered":"https:\/\/ideatsg.com\/non-classifiee\/idea-ingenieria-gana-premio-la-mejor-web-empresa-los-x-premios-web-del-diario-la-verdad\/"},"modified":"2021-03-09T17:31:27","modified_gmt":"2021-03-09T17:31:27","slug":"idea-ingenieria-gana-premio-la-mejor-web-empresa-los-x-premios-web-del-diario-la-verdad","status":"publish","type":"post","link":"https:\/\/ideatsg.com\/fr\/ingenierie\/idea-ingenieria-gana-premio-la-mejor-web-empresa-los-x-premios-web-del-diario-la-verdad\/","title":{"rendered":"IDEA Ingenier\u00eda gana el premio a la mejor web de empresa en los X Premios WEB del Diario La Verdad"},"content":{"rendered":"<div class=\"wpb-content-wrapper\"><p>[vc_row][vc_column][vc_empty_space][vc_column_text]<\/p>\n<h2>IDEA Ingenier\u00eda gana el premio a la mejor web de empresa en los X Premios WEB del Diario La Verdad<\/h2>\n<p>[\/vc_column_text][vc_column_text]<\/p>\n<h4><span class=\"TextRun SCXW206530848\" lang=\"ES-ES\" xml:lang=\"ES-ES\"><span class=\"NormalTextRun SCXW206530848\">Emilio S\u00e1nchez, CEO de IDEA Ingenier\u00eda,\u00a0recogi\u00f3\u00a0<\/span><\/span><span class=\"TextRun SCXW206530848\" lang=\"ES-ES\" xml:lang=\"ES-ES\"><span class=\"NormalTextRun SCXW206530848\">ayer el premio a la mejor WEB de empresa de la Regi\u00f3n de\u00a0<\/span><\/span><span class=\"TextRun SCXW206530848\" lang=\"ES-ES\" xml:lang=\"ES-ES\"><span class=\"NormalTextRun SCXW206530848\">Murcia<\/span><\/span><span class=\"TextRun SCXW206530848\" lang=\"ES-ES\" xml:lang=\"ES-ES\"><span class=\"NormalTextRun SCXW206530848\">\u00a0en los Premios WEB organizados<\/span><\/span><span class=\"TextRun SCXW206530848\" lang=\"ES-ES\" xml:lang=\"ES-ES\"><span class=\"NormalTextRun SCXW206530848\">\u00a0por el Diario La Verdad.<\/span><\/span><\/h4>\n<p>[\/vc_column_text][\/vc_column][\/vc_row][vc_row][vc_column][vc_column_text]<span class=\"TextRun SCXW69447678\" lang=\"ES-ES\" xml:lang=\"ES-ES\"><span class=\"NormalTextRun SCXW69447678\">Los<a href=\"https:\/\/premioswebmurcia.laverdad.es\/\" target=\"_blank\" rel=\"noopener noreferrer\"> Premios WEB de La Verdad<\/a> celebra<\/span><\/span><span class=\"TextRun SCXW69447678\" lang=\"ES-ES\" xml:lang=\"ES-ES\"><span class=\"NormalTextRun SCXW69447678\">ban ayer\u00a0<\/span><\/span><span class=\"TextRun SCXW69447678\" lang=\"ES-ES\" xml:lang=\"ES-ES\"><span class=\"NormalTextRun SCXW69447678\">su d\u00e9cimo aniversario<\/span><\/span><span class=\"TextRun SCXW69447678\" lang=\"ES-ES\" xml:lang=\"ES-ES\"><span class=\"NormalTextRun SCXW69447678\">\u00a0y en<\/span><\/span><span class=\"TextRun SCXW69447678\" lang=\"ES-ES\" xml:lang=\"ES-ES\"><span class=\"NormalTextRun SCXW69447678\">\u00a0<\/span><\/span><span class=\"TextRun SCXW69447678\" lang=\"ES-ES\" xml:lang=\"ES-ES\"><span class=\"NormalTextRun SCXW69447678\">IDEA Ingenier\u00eda\u00a0<\/span><\/span><span class=\"TextRun SCXW69447678\" lang=\"ES-ES\" xml:lang=\"ES-ES\"><span class=\"NormalTextRun SCXW69447678\">fui<\/span><\/span><span class=\"TextRun SCXW69447678\" lang=\"ES-ES\" xml:lang=\"ES-ES\"><span class=\"NormalTextRun SCXW69447678\">mos invitados a la gala de celebraci\u00f3n<\/span><\/span><span class=\"TextRun SCXW69447678\" lang=\"ES-ES\" xml:lang=\"ES-ES\"><span class=\"NormalTextRun SCXW69447678\">\u00a0con el mejor de los honores: <strong>ganar el premio a la mejor WEB de empresa<\/strong>, para el que fuimos\u00a0<\/span><\/span><span class=\"TextRun SCXW69447678\" lang=\"ES-ES\" xml:lang=\"ES-ES\"><span class=\"NormalTextRun SCXW69447678\">seleccionados<\/span><\/span><span class=\"TextRun SCXW69447678\" lang=\"ES-ES\" xml:lang=\"ES-ES\"><span class=\"NormalTextRun SCXW69447678\">\u00a0como uno de los cuatro finalistas, entre unas cien empresas de la Regi\u00f3n de\u00a0<\/span><\/span><span class=\"TextRun SCXW69447678\" lang=\"ES-ES\" xml:lang=\"ES-ES\"><span class=\"NormalTextRun SCXW69447678\">Murcia<\/span><\/span><span class=\"TextRun SCXW69447678\" lang=\"ES-ES\" xml:lang=\"ES-ES\"><span class=\"NormalTextRun SCXW69447678\">.<\/span><\/span>[\/vc_column_text][vc_column_text]<span class=\"TextRun SCXW216418107\" lang=\"ES-ES\" xml:lang=\"ES-ES\"><span class=\"NormalTextRun SCXW216418107\">Emilio S\u00e1nchez, quien fue el primero en subir al escenario para recoger uno de los galardones de la velada, agradeci\u00f3 durante su discurso \u00ab\u00a0la excelente organizaci\u00f3n\u00a0\u00bb<\/span><\/span><span class=\"TextRun SCXW216418107\" lang=\"ES-ES\" xml:lang=\"ES-ES\"><span class=\"NormalTextRun SCXW216418107\">\u00a0del evento y <strong>se mostr\u00f3 orgulloso por el premio con el que se acababa de alzar IDEA Ingenier\u00eda. \u00ab\u00a0<\/strong><\/span><\/span><span class=\"TextRun SCXW216418107\" lang=\"ES-ES\" xml:lang=\"ES-ES\"><span class=\"NormalTextRun SCXW216418107\"><strong>Llevamos 10 a\u00f1os trabajando, las cosas no ocurren por casualidad\u00a0\u00bb<\/strong> se\u00f1alaba Emilio, quien coment\u00f3 que la empresa era el reflejo de un sue\u00f1o que ten\u00eda desde peque\u00f1ito.<strong> \u00ab\u00a0Empec\u00e9 solo y crec\u00ed gracias a muchos amigos\u00a0\u00bb.<\/strong> Tambi\u00e9n tuvo ocasi\u00f3n de agradecer el premio al equipo de IDEA, \u00ab\u00a0este premio se lo debo a ellos. Apostando siempre por la empresa 4.0. Marcamos la diferencia porque todo lo que hacemos es diferente. <strong>Tenemos la triple A como principio: la Actitud, la Aptitud y la Acci\u00f3n\u00a0\u00bb.<\/strong> Finalmente,\u00a0<\/span><\/span><span class=\"TextRun SCXW216418107\" lang=\"ES-ES\" xml:lang=\"ES-ES\"><span class=\"NormalTextRun SCXW216418107\">Emilio<\/span><\/span><span class=\"TextRun SCXW216418107\" lang=\"ES-ES\" xml:lang=\"ES-ES\"><span class=\"NormalTextRun SCXW216418107\">\u00a0concluy\u00f3 su intervenci\u00f3n lanzando pelotas\u00a0<\/span><\/span><span class=\"TextRun SCXW216418107\" lang=\"ES-ES\" xml:lang=\"ES-ES\"><span class=\"NormalTextRun SCXW216418107\">de ping-pong con una pala, mientras daba las gracias.<\/span><\/span><span class=\"EOP SCXW216418107\" data-ccp-props=\"{&quot;201341983&quot;:0,&quot;335559739&quot;:200,&quot;335559740&quot;:276}\">\u00a0<\/span>[\/vc_column_text][rev_slider_vc alias=\u00a0\u00bbx-premios-web-de-la-verdad\u00a0\u00bb][vc_column_text]<span class=\"TextRun SCXW38366013\" lang=\"ES-ES\" xml:lang=\"ES-ES\"><span class=\"NormalTextRun SCXW38366013\">Un<\/span><\/span><span class=\"TextRun SCXW38366013\" lang=\"ES-ES\" xml:lang=\"ES-ES\"><span class=\"NormalTextRun SCXW38366013\">\u00a0a\u00f1o m\u00e1s<\/span><\/span><span class=\"TextRun SCXW38366013\" lang=\"ES-ES\" xml:lang=\"ES-ES\"><span class=\"NormalTextRun SCXW38366013\">,<\/span><\/span><span class=\"TextRun SCXW38366013\" lang=\"ES-ES\" xml:lang=\"ES-ES\"><span class=\"NormalTextRun SCXW38366013\">\u00a0los Premios WEB Regi\u00f3n de Murcia del Diario La Verdad<\/span><\/span><span class=\"TextRun SCXW38366013\" lang=\"ES-ES\" xml:lang=\"ES-ES\"><span class=\"NormalTextRun SCXW38366013\">,<\/span><\/span><span class=\"TextRun SCXW38366013\" lang=\"ES-ES\" xml:lang=\"ES-ES\"><span class=\"NormalTextRun SCXW38366013\">\u00a0celebraron su X gala de entrega de premios en\u00a0<\/span><\/span><span class=\"TextRun SCXW38366013\" lang=\"ES-ES\" xml:lang=\"ES-ES\"><span class=\"NormalTextRun SCXW38366013\">Auditorio V\u00edctor Villegas de Murcia<\/span><\/span><span class=\"TextRun SCXW38366013\" lang=\"ES-ES\" xml:lang=\"ES-ES\"><span class=\"NormalTextRun SCXW38366013\">, donde ayer, 12 de abril a las 21 horas,<\/span><\/span><span class=\"TextRun SCXW38366013\" lang=\"ES-ES\" xml:lang=\"ES-ES\"><span class=\"NormalTextRun SCXW38366013\">\u00a0<\/span><\/span><span class=\"TextRun SCXW38366013\" lang=\"ES-ES\" xml:lang=\"ES-ES\"><span class=\"NormalTextRun SCXW38366013\">se comenzaron a <strong>entregar<\/strong><\/span><\/span><strong><span class=\"TextRun SCXW38366013\" lang=\"ES-ES\" xml:lang=\"ES-ES\"><span class=\"NormalTextRun SCXW38366013\">\u00a0<\/span><\/span><span class=\"TextRun SCXW38366013\" lang=\"ES-ES\" xml:lang=\"ES-ES\"><span class=\"NormalTextRun SCXW38366013\">los premios a las 7 categor\u00edas establecidas.<\/span><\/span><\/strong>[\/vc_column_text][vc_column_text]<span class=\"TextRun SCXW36232606\" lang=\"ES-ES\" xml:lang=\"ES-ES\"><span class=\"NormalTextRun SCXW36232606\">Los premiados<\/span><\/span><span class=\"TextRun SCXW36232606\" lang=\"ES-ES\" xml:lang=\"ES-ES\"><span class=\"NormalTextRun SCXW36232606\">\u00a0fueron seleccionados por l<\/span><\/span><span class=\"TextRun SCXW36232606\" lang=\"ES-ES\" xml:lang=\"ES-ES\"><span class=\"NormalTextRun SCXW36232606\">a calidad y cantidad de los contenidos, la actualizaci\u00f3n, el dise\u00f1o gr\u00e1fico, la usabilidad, la accesibilidad, la comunicaci\u00f3n y generaci\u00f3n de comunidad, el grado de participaci\u00f3n e interactividad con los usuarios, la integraci\u00f3n con varios sistemas inform\u00e1ticos, la creatividad, la originalidad y la innovaci\u00f3n<\/span><\/span><span class=\"TextRun SCXW36232606\" lang=\"ES-ES\" xml:lang=\"ES-ES\"><span class=\"NormalTextRun SCXW36232606\">.<\/span><\/span><span class=\"EOP SCXW36232606\" data-ccp-props=\"{&quot;201341983&quot;:0,&quot;335559739&quot;:200,&quot;335559740&quot;:276}\">\u00a0<\/span>[\/vc_column_text][vc_column_text]<span class=\"TextRun SCXW162969297\" lang=\"ES-ES\" xml:lang=\"ES-ES\"><span class=\"NormalTextRun SCXW162969297\">IDEA Ingenier\u00eda no fue la \u00fanica en hacerse con uno de estos<\/span><\/span><span class=\"TextRun SCXW162969297\" lang=\"ES-ES\" xml:lang=\"ES-ES\"><span class=\"NormalTextRun SCXW162969297\">\u00a0<\/span><\/span><span class=\"TextRun SCXW162969297\" lang=\"ES-ES\" xml:lang=\"ES-ES\"><span class=\"NormalTextRun SCXW162969297\">Premios WEB, otras siete empresas de la regi\u00f3n tambi\u00e9n fueron premiadas durante la gala.\u00a0<\/span><\/span><span class=\"TextRun SCXW162969297\" lang=\"ES-ES\" xml:lang=\"ES-ES\"><span class=\"NormalTextRun SCXW162969297\">El premio a mejor web personal se lo llev\u00f3 Pilar Belmonte; la mejor app fue NAVILENS; la mejor web de ocio\/servicios fue para el buscador de mascotas en adopci\u00f3n; Fundaci\u00f3n ITER se hizo con el premio a mejor web asociativa; Black\u00a0<\/span><\/span><span class=\"TextRun SCXW162969297\" lang=\"ES-ES\" xml:lang=\"ES-ES\"><span class=\"NormalTextRun SCXW162969297\">Fisher a mejor e-<\/span><\/span><span class=\"TextRun SCXW162969297\" lang=\"ES-ES\" xml:lang=\"ES-ES\"><span class=\"SpellingError SCXW162969297\">commerce;<\/span><\/span><span class=\"TextRun SCXW162969297\" lang=\"ES-ES\" xml:lang=\"ES-ES\"><span class=\"NormalTextRun SCXW162969297\">\u00a0el premio especial para el anunciante m\u00e1s veterano se lo llev\u00f3 Grupo Huertas y finalmente,<strong> el premio a\u00a0<\/strong><\/span><\/span><strong><span class=\"TextRun SCXW162969297\" lang=\"ES-ES\" xml:lang=\"ES-ES\"><span class=\"NormalTextRun SCXW162969297\">la<\/span><\/span><span class=\"TextRun SCXW162969297\" lang=\"ES-ES\" xml:lang=\"ES-ES\"><span class=\"NormalTextRun SCXW162969297\">\u00a0mejor web de\u00a0<\/span><\/span><span class=\"TextRun SCXW162969297\" lang=\"ES-ES\" xml:lang=\"ES-ES\"><span class=\"SpellingError SCXW162969297\">startup<\/span><\/span><span class=\"TextRun SCXW162969297\" lang=\"ES-ES\" xml:lang=\"ES-ES\"><span class=\"NormalTextRun SCXW162969297\">\u00a0(<\/span><\/span><span class=\"TextRun SCXW162969297\" lang=\"ES-ES\" xml:lang=\"ES-ES\"><span class=\"NormalTextRun SCXW162969297\">nueva categor\u00eda de esta edici\u00f3n) fue para\u00a0<\/span><\/span><span class=\"TextRun SCXW162969297\" lang=\"ES-ES\" xml:lang=\"ES-ES\"><span class=\"SpellingError SCXW162969297\">Faberin<\/span><\/span><span class=\"TextRun SCXW162969297\" lang=\"ES-ES\" xml:lang=\"ES-ES\"><span class=\"NormalTextRun SCXW162969297\">.<\/span><\/span><span class=\"EOP SCXW162969297\" data-ccp-props=\"{&quot;201341983&quot;:0,&quot;335559739&quot;:200,&quot;335559740&quot;:276}\">\u00a0<\/span><\/strong>[\/vc_column_text][vc_video link=\u00a0\u00bbhttps:\/\/youtu.be\/kRvsPzbzUVQ\u00a0\u00bb align=\u00a0\u00bbcenter\u00a0\u00bb][vc_column_text]<span class=\"TextRun SCXW228517340\" lang=\"ES-ES\" xml:lang=\"ES-ES\"><span class=\"NormalTextRun SCXW228517340\">Desde IDEA Ingenier\u00eda queremos agradecer tanto a la organizaci\u00f3n, como al excelente jurado, la realizaci\u00f3n de este evento. Ya<\/span><\/span><span class=\"TextRun SCXW228517340\" lang=\"ES-ES\" xml:lang=\"ES-ES\"><span class=\"NormalTextRun SCXW228517340\">\u00a0que los Premios WEB\u00a0<\/span><\/span><span class=\"TextRun SCXW228517340\" lang=\"ES-ES\" xml:lang=\"ES-ES\"><span class=\"NormalTextRun SCXW228517340\">mantienen\u00a0<\/span><\/span><span class=\"TextRun SCXW228517340\" lang=\"ES-ES\" xml:lang=\"ES-ES\"><span class=\"NormalTextRun SCXW228517340\">la excelente\u00a0<\/span><\/span><strong><span class=\"TextRun SCXW228517340\" lang=\"ES-ES\" xml:lang=\"ES-ES\"><span class=\"NormalTextRun SCXW228517340\">filosof\u00eda de reconocer el trabajo de las entidades y particulares afincados en la Comunidad Aut\u00f3noma<\/span><\/span><span class=\"TextRun SCXW228517340\" lang=\"ES-ES\" xml:lang=\"ES-ES\"><span class=\"NormalTextRun SCXW228517340\">\u00a0de\u00a0<\/span><\/span><span class=\"TextRun SCXW228517340\" lang=\"ES-ES\" xml:lang=\"ES-ES\"><span class=\"NormalTextRun SCXW228517340\">Murcia<\/span><\/span><\/strong><span class=\"TextRun SCXW228517340\" lang=\"ES-ES\" xml:lang=\"ES-ES\"><span class=\"NormalTextRun SCXW228517340\"><strong>,<\/strong> motivando as\u00ed a muchas empresas de la regi\u00f3n.<\/span><\/span><span class=\"TextRun SCXW228517340\" lang=\"ES-ES\" xml:lang=\"ES-ES\"><span class=\"NormalTextRun SCXW228517340\">\u00a0<\/span><\/span>[\/vc_column_text][vc_column_text]<span class=\"TextRun SCXW2226281\" lang=\"ES-ES\" xml:lang=\"ES-ES\"><span class=\"NormalTextRun SCXW2226281\">Sin duda, <strong>estos premios se convierten en un evento de\u00a0<\/strong><\/span><\/span><strong><span class=\"TextRun SCXW2226281\" lang=\"ES-ES\" xml:lang=\"ES-ES\"><span class=\"NormalTextRun SCXW2226281\">referencia del s<\/span><\/span><span class=\"TextRun SCXW2226281\" lang=\"ES-ES\" xml:lang=\"ES-ES\"><span class=\"NormalTextRun SCXW2226281\">ector de las nuevas tecnolog\u00edas\u00a0<\/span><\/span><span class=\"TextRun SCXW2226281\" lang=\"ES-ES\" xml:lang=\"ES-ES\"><span class=\"NormalTextRun SCXW2226281\">e internet en la Regi\u00f3n de Murcia,<\/span><\/span><\/strong><span class=\"TextRun SCXW2226281\" lang=\"ES-ES\" xml:lang=\"ES-ES\"><span class=\"NormalTextRun SCXW2226281\">\u00a0por lo que desde IDEA Ingenier\u00eda estamos realmente<strong> entusiasmados por haber tenido tanto la oportunidad de participar, como la de haber sido\u00a0<\/strong><\/span><\/span><strong><span class=\"TextRun SCXW2226281\" lang=\"ES-ES\" xml:lang=\"ES-ES\"><span class=\"NormalTextRun SCXW2226281\">premiados como la mejor web de empresa<\/span><\/span><span class=\"TextRun SCXW2226281\" lang=\"ES-ES\" xml:lang=\"ES-ES\"><span class=\"NormalTextRun SCXW2226281\">.\u00a0<\/span><\/span><\/strong><span class=\"EOP SCXW2226281\" data-ccp-props=\"{&quot;201341983&quot;:0,&quot;335559739&quot;:200,&quot;335559740&quot;:276}\">\u00a0<\/span>[\/vc_column_text][vc_empty_space][vc_btn title=\u00a0\u00bbM\u00e1s premios\u00a0\u00bb link=\u00a0\u00bburl:https%3A%2F%2Fideatsg.com%2Facerca-de-idea%2Fquienes-somos%2F%23premios|||\u00a0\u00bb][\/vc_column][\/vc_row][vc_row][vc_column][\/vc_column][\/vc_row]<\/p>\n<\/div>","protected":false},"excerpt":{"rendered":"<p>Emilio S\u00e1nchez, CEO de IDEA Ingenier\u00eda, subi\u00f3 a recoger el premio a la mejor WEB de empresa de la Regi\u00f3n de Murcia de los Premios Web, organizados por el Diario La Verdad.<\/p>\n","protected":false},"author":5,"featured_media":44120,"comment_status":"closed","ping_status":"closed","sticky":false,"template":"","format":"standard","meta":{"footnotes":""},"categories":[3467,3439],"tags":[1200,1375,1204,1131,1134,1326,1376,1377,1378],"class_list":["post-54120","post","type-post","status-publish","format-standard","has-post-thumbnail","hentry","category-idea-awards-fr","category-ingenierie","tag-ceo-fr","tag-diario-la-verdad-fr","tag-emilio-sanchez-fr","tag-empresa-fr","tag-idea-ingenieria-fr","tag-premio-fr","tag-premios-web-fr","tag-region-de-murcia-fr","tag-web-fr","category-3467","category-3439","description-off"],"yoast_head":"<!-- This site is optimized with the Yoast SEO plugin v27.4 - https:\/\/yoast.com\/product\/yoast-seo-wordpress\/ -->\n<title>IDEA Ingenier\u00eda gana el premio WEB en la categor\u00eda de empresa<\/title>\n<meta name=\"description\" content=\"IDEA Ingenier\u00eda gana el premio a la mejor web de empresa en los X Premios WEB de la Regi\u00f3n de Murcia, organizados por el Diario La Verdad.\" \/>\n<meta name=\"robots\" content=\"index, follow, max-snippet:-1, max-image-preview:large, max-video-preview:-1\" \/>\n<link rel=\"canonical\" href=\"https:\/\/ideatsg.com\/fr\/ideateams\/idea-ingenieria-gana-premio-la-mejor-web-empresa-los-x-premios-web-del-diario-la-verdad\/\" \/>\n<meta property=\"og:locale\" content=\"fr_FR\" \/>\n<meta property=\"og:type\" content=\"article\" \/>\n<meta property=\"og:title\" content=\"IDEA Ingenier\u00eda gana el premio WEB en la categor\u00eda de empresa\" \/>\n<meta property=\"og:description\" content=\"IDEA Ingenier\u00eda gana el premio a la mejor web de empresa en los X Premios WEB de la Regi\u00f3n de Murcia, organizados por el Diario La Verdad.\" \/>\n<meta property=\"og:url\" content=\"https:\/\/ideatsg.com\/ideateams\/idea-ingenieria-gana-premio-la-mejor-web-empresa-los-x-premios-web-del-diario-la-verdad\/\" \/>\n<meta property=\"og:site_name\" content=\"IDEA TSG\" \/>\n<meta property=\"article:publisher\" content=\"https:\/\/www.facebook.com\/pages\/IDEA_Ingenieria\/128013450698535?fref=ts\" \/>\n<meta property=\"article:published_time\" content=\"2018-04-13T09:56:31+00:00\" \/>\n<meta property=\"article:modified_time\" content=\"2021-03-09T17:31:27+00:00\" \/>\n<meta property=\"og:image\" content=\"https:\/\/ideatsg.com\/wp-content\/uploads\/2018\/04\/WhatsApp-Image-2018-04-13-at-06.53.16-1.jpeg\" \/>\n\t<meta property=\"og:image:width\" content=\"939\" \/>\n\t<meta property=\"og:image:height\" content=\"641\" \/>\n\t<meta property=\"og:image:type\" content=\"image\/jpeg\" \/>\n<meta name=\"author\" content=\"Comunicaci\u00f3n y Marketing IDEA\" \/>\n<meta name=\"twitter:card\" content=\"summary_large_image\" \/>\n<meta name=\"twitter:label1\" content=\"\u00c9crit par\" \/>\n\t<meta name=\"twitter:data1\" content=\"Comunicaci\u00f3n y Marketing IDEA\" \/>\n\t<meta name=\"twitter:label2\" content=\"Dur\u00e9e de lecture estim\u00e9e\" \/>\n\t<meta name=\"twitter:data2\" content=\"4 minutes\" \/>\n<script type=\"application\/ld+json\" class=\"yoast-schema-graph\">{\"@context\":\"https:\\\/\\\/schema.org\",\"@graph\":[{\"@type\":\"Article\",\"@id\":\"https:\\\/\\\/ideatsg.com\\\/ideateams\\\/idea-ingenieria-gana-premio-la-mejor-web-empresa-los-x-premios-web-del-diario-la-verdad\\\/#article\",\"isPartOf\":{\"@id\":\"https:\\\/\\\/ideatsg.com\\\/fr\\\/ingenierie\\\/idea-ingenieria-gana-premio-la-mejor-web-empresa-los-x-premios-web-del-diario-la-verdad\\\/\"},\"author\":{\"name\":\"Comunicaci\u00f3n y Marketing IDEA\",\"@id\":\"https:\\\/\\\/ideatsg.com\\\/fr\\\/#\\\/schema\\\/person\\\/b89346e18b7ec9e84fd2d4facca86beb\"},\"headline\":\"IDEA Ingenier\u00eda gana el premio a la mejor web de empresa en los X Premios WEB del Diario La Verdad\",\"datePublished\":\"2018-04-13T09:56:31+00:00\",\"dateModified\":\"2021-03-09T17:31:27+00:00\",\"mainEntityOfPage\":{\"@id\":\"https:\\\/\\\/ideatsg.com\\\/fr\\\/ingenierie\\\/idea-ingenieria-gana-premio-la-mejor-web-empresa-los-x-premios-web-del-diario-la-verdad\\\/\"},\"wordCount\":740,\"publisher\":{\"@id\":\"https:\\\/\\\/ideatsg.com\\\/fr\\\/#organization\"},\"image\":{\"@id\":\"https:\\\/\\\/ideatsg.com\\\/ideateams\\\/idea-ingenieria-gana-premio-la-mejor-web-empresa-los-x-premios-web-del-diario-la-verdad\\\/#primaryimage\"},\"thumbnailUrl\":\"https:\\\/\\\/ideatsg.com\\\/wp-content\\\/uploads\\\/2018\\\/04\\\/WhatsApp-Image-2018-04-13-at-06.53.16-1.jpeg\",\"keywords\":[\"CEO\",\"Diario La Verdad\",\"emilio sanchez\",\"empresa\",\"Idea Ingenier\u00eda\",\"premio\",\"Premios WEB\",\"Regi\u00f3n de Murcia\",\"WEB\"],\"articleSection\":[\"ID\u00c9A AWARDS\",\"Ing\u00e9nierie\"],\"inLanguage\":\"fr-FR\"},{\"@type\":\"WebPage\",\"@id\":\"https:\\\/\\\/ideatsg.com\\\/fr\\\/ingenierie\\\/idea-ingenieria-gana-premio-la-mejor-web-empresa-los-x-premios-web-del-diario-la-verdad\\\/\",\"url\":\"https:\\\/\\\/ideatsg.com\\\/ideateams\\\/idea-ingenieria-gana-premio-la-mejor-web-empresa-los-x-premios-web-del-diario-la-verdad\\\/\",\"name\":\"IDEA Ingenier\u00eda gana el premio WEB en la categor\u00eda de empresa\",\"isPartOf\":{\"@id\":\"https:\\\/\\\/ideatsg.com\\\/fr\\\/#website\"},\"primaryImageOfPage\":{\"@id\":\"https:\\\/\\\/ideatsg.com\\\/ideateams\\\/idea-ingenieria-gana-premio-la-mejor-web-empresa-los-x-premios-web-del-diario-la-verdad\\\/#primaryimage\"},\"image\":{\"@id\":\"https:\\\/\\\/ideatsg.com\\\/ideateams\\\/idea-ingenieria-gana-premio-la-mejor-web-empresa-los-x-premios-web-del-diario-la-verdad\\\/#primaryimage\"},\"thumbnailUrl\":\"https:\\\/\\\/ideatsg.com\\\/wp-content\\\/uploads\\\/2018\\\/04\\\/WhatsApp-Image-2018-04-13-at-06.53.16-1.jpeg\",\"datePublished\":\"2018-04-13T09:56:31+00:00\",\"dateModified\":\"2021-03-09T17:31:27+00:00\",\"description\":\"IDEA Ingenier\u00eda gana el premio a la mejor web de empresa en los X Premios WEB de la Regi\u00f3n de Murcia, organizados por el Diario La Verdad.\",\"breadcrumb\":{\"@id\":\"https:\\\/\\\/ideatsg.com\\\/ideateams\\\/idea-ingenieria-gana-premio-la-mejor-web-empresa-los-x-premios-web-del-diario-la-verdad\\\/#breadcrumb\"},\"inLanguage\":\"fr-FR\",\"potentialAction\":[{\"@type\":\"ReadAction\",\"target\":[\"https:\\\/\\\/ideatsg.com\\\/ideateams\\\/idea-ingenieria-gana-premio-la-mejor-web-empresa-los-x-premios-web-del-diario-la-verdad\\\/\"]}]},{\"@type\":\"ImageObject\",\"inLanguage\":\"fr-FR\",\"@id\":\"https:\\\/\\\/ideatsg.com\\\/ideateams\\\/idea-ingenieria-gana-premio-la-mejor-web-empresa-los-x-premios-web-del-diario-la-verdad\\\/#primaryimage\",\"url\":\"https:\\\/\\\/ideatsg.com\\\/wp-content\\\/uploads\\\/2018\\\/04\\\/WhatsApp-Image-2018-04-13-at-06.53.16-1.jpeg\",\"contentUrl\":\"https:\\\/\\\/ideatsg.com\\\/wp-content\\\/uploads\\\/2018\\\/04\\\/WhatsApp-Image-2018-04-13-at-06.53.16-1.jpeg\",\"width\":939,\"height\":641},{\"@type\":\"BreadcrumbList\",\"@id\":\"https:\\\/\\\/ideatsg.com\\\/ideateams\\\/idea-ingenieria-gana-premio-la-mejor-web-empresa-los-x-premios-web-del-diario-la-verdad\\\/#breadcrumb\",\"itemListElement\":[{\"@type\":\"ListItem\",\"position\":1,\"name\":\"Portada\",\"item\":\"https:\\\/\\\/ideatsg.com\\\/fr\\\/\"},{\"@type\":\"ListItem\",\"position\":2,\"name\":\"IDEA Ingenier\u00eda gana el premio a la mejor web de empresa en los X Premios WEB del Diario La Verdad\"}]},{\"@type\":\"WebSite\",\"@id\":\"https:\\\/\\\/ideatsg.com\\\/fr\\\/#website\",\"url\":\"https:\\\/\\\/ideatsg.com\\\/fr\\\/\",\"name\":\"IDEA TSG\",\"description\":\"Dise\u00f1o Estructural Avanzado\",\"publisher\":{\"@id\":\"https:\\\/\\\/ideatsg.com\\\/fr\\\/#organization\"},\"potentialAction\":[{\"@type\":\"SearchAction\",\"target\":{\"@type\":\"EntryPoint\",\"urlTemplate\":\"https:\\\/\\\/ideatsg.com\\\/fr\\\/?s={search_term_string}\"},\"query-input\":{\"@type\":\"PropertyValueSpecification\",\"valueRequired\":true,\"valueName\":\"search_term_string\"}}],\"inLanguage\":\"fr-FR\"},{\"@type\":\"Organization\",\"@id\":\"https:\\\/\\\/ideatsg.com\\\/fr\\\/#organization\",\"name\":\"IDEA TSG\",\"url\":\"https:\\\/\\\/ideatsg.com\\\/fr\\\/\",\"logo\":{\"@type\":\"ImageObject\",\"inLanguage\":\"fr-FR\",\"@id\":\"https:\\\/\\\/ideatsg.com\\\/fr\\\/#\\\/schema\\\/logo\\\/image\\\/\",\"url\":\"https:\\\/\\\/ideatsg.com\\\/wp-content\\\/uploads\\\/2021\\\/10\\\/idea-ingenieria-logo.png\",\"contentUrl\":\"https:\\\/\\\/ideatsg.com\\\/wp-content\\\/uploads\\\/2021\\\/10\\\/idea-ingenieria-logo.png\",\"width\":198,\"height\":41,\"caption\":\"IDEA TSG\"},\"image\":{\"@id\":\"https:\\\/\\\/ideatsg.com\\\/fr\\\/#\\\/schema\\\/logo\\\/image\\\/\"},\"sameAs\":[\"https:\\\/\\\/www.facebook.com\\\/pages\\\/IDEA_Ingenieria\\\/128013450698535?fref=ts\",\"https:\\\/\\\/www.youtube.com\\\/user\\\/ideaingenieria?feature=watch\",\"https:\\\/\\\/www.instagram.com\\\/ideaingenieria\\\/\",\"https:\\\/\\\/www.linkedin.com\\\/company\\\/idea-ingenieria\"]},{\"@type\":\"Person\",\"@id\":\"https:\\\/\\\/ideatsg.com\\\/fr\\\/#\\\/schema\\\/person\\\/b89346e18b7ec9e84fd2d4facca86beb\",\"name\":\"Comunicaci\u00f3n y Marketing IDEA\",\"image\":{\"@type\":\"ImageObject\",\"inLanguage\":\"fr-FR\",\"@id\":\"https:\\\/\\\/secure.gravatar.com\\\/avatar\\\/ceeb47c798c2708c4423c2a2cab80ca86bf99a3ceb23f84aa005ab7b613f0db9?s=96&d=mm&r=g\",\"url\":\"https:\\\/\\\/secure.gravatar.com\\\/avatar\\\/ceeb47c798c2708c4423c2a2cab80ca86bf99a3ceb23f84aa005ab7b613f0db9?s=96&d=mm&r=g\",\"contentUrl\":\"https:\\\/\\\/secure.gravatar.com\\\/avatar\\\/ceeb47c798c2708c4423c2a2cab80ca86bf99a3ceb23f84aa005ab7b613f0db9?s=96&d=mm&r=g\",\"caption\":\"Comunicaci\u00f3n y Marketing IDEA\"},\"url\":\"https:\\\/\\\/ideatsg.com\\\/fr\\\/author\\\/africa\\\/\"}]}<\/script>\n<!-- \/ Yoast SEO plugin. -->","yoast_head_json":{"title":"IDEA Ingenier\u00eda gana el premio WEB en la categor\u00eda de empresa","description":"IDEA Ingenier\u00eda gana el premio a la mejor web de empresa en los X Premios WEB de la Regi\u00f3n de Murcia, organizados por el Diario La Verdad.","robots":{"index":"index","follow":"follow","max-snippet":"max-snippet:-1","max-image-preview":"max-image-preview:large","max-video-preview":"max-video-preview:-1"},"canonical":"https:\/\/ideatsg.com\/fr\/ideateams\/idea-ingenieria-gana-premio-la-mejor-web-empresa-los-x-premios-web-del-diario-la-verdad\/","og_locale":"fr_FR","og_type":"article","og_title":"IDEA Ingenier\u00eda gana el premio WEB en la categor\u00eda de empresa","og_description":"IDEA Ingenier\u00eda gana el premio a la mejor web de empresa en los X Premios WEB de la Regi\u00f3n de Murcia, organizados por el Diario La Verdad.","og_url":"https:\/\/ideatsg.com\/ideateams\/idea-ingenieria-gana-premio-la-mejor-web-empresa-los-x-premios-web-del-diario-la-verdad\/","og_site_name":"IDEA TSG","article_publisher":"https:\/\/www.facebook.com\/pages\/IDEA_Ingenieria\/128013450698535?fref=ts","article_published_time":"2018-04-13T09:56:31+00:00","article_modified_time":"2021-03-09T17:31:27+00:00","og_image":[{"width":939,"height":641,"url":"https:\/\/ideatsg.com\/wp-content\/uploads\/2018\/04\/WhatsApp-Image-2018-04-13-at-06.53.16-1.jpeg","type":"image\/jpeg"}],"author":"Comunicaci\u00f3n y Marketing IDEA","twitter_card":"summary_large_image","twitter_misc":{"\u00c9crit par":"Comunicaci\u00f3n y Marketing IDEA","Dur\u00e9e de lecture estim\u00e9e":"4 minutes"},"schema":{"@context":"https:\/\/schema.org","@graph":[{"@type":"Article","@id":"https:\/\/ideatsg.com\/ideateams\/idea-ingenieria-gana-premio-la-mejor-web-empresa-los-x-premios-web-del-diario-la-verdad\/#article","isPartOf":{"@id":"https:\/\/ideatsg.com\/fr\/ingenierie\/idea-ingenieria-gana-premio-la-mejor-web-empresa-los-x-premios-web-del-diario-la-verdad\/"},"author":{"name":"Comunicaci\u00f3n y Marketing IDEA","@id":"https:\/\/ideatsg.com\/fr\/#\/schema\/person\/b89346e18b7ec9e84fd2d4facca86beb"},"headline":"IDEA Ingenier\u00eda gana el premio a la mejor web de empresa en los X Premios WEB del Diario La Verdad","datePublished":"2018-04-13T09:56:31+00:00","dateModified":"2021-03-09T17:31:27+00:00","mainEntityOfPage":{"@id":"https:\/\/ideatsg.com\/fr\/ingenierie\/idea-ingenieria-gana-premio-la-mejor-web-empresa-los-x-premios-web-del-diario-la-verdad\/"},"wordCount":740,"publisher":{"@id":"https:\/\/ideatsg.com\/fr\/#organization"},"image":{"@id":"https:\/\/ideatsg.com\/ideateams\/idea-ingenieria-gana-premio-la-mejor-web-empresa-los-x-premios-web-del-diario-la-verdad\/#primaryimage"},"thumbnailUrl":"https:\/\/ideatsg.com\/wp-content\/uploads\/2018\/04\/WhatsApp-Image-2018-04-13-at-06.53.16-1.jpeg","keywords":["CEO","Diario La Verdad","emilio sanchez","empresa","Idea Ingenier\u00eda","premio","Premios WEB","Regi\u00f3n de Murcia","WEB"],"articleSection":["ID\u00c9A AWARDS","Ing\u00e9nierie"],"inLanguage":"fr-FR"},{"@type":"WebPage","@id":"https:\/\/ideatsg.com\/fr\/ingenierie\/idea-ingenieria-gana-premio-la-mejor-web-empresa-los-x-premios-web-del-diario-la-verdad\/","url":"https:\/\/ideatsg.com\/ideateams\/idea-ingenieria-gana-premio-la-mejor-web-empresa-los-x-premios-web-del-diario-la-verdad\/","name":"IDEA Ingenier\u00eda gana el premio WEB en la categor\u00eda de empresa","isPartOf":{"@id":"https:\/\/ideatsg.com\/fr\/#website"},"primaryImageOfPage":{"@id":"https:\/\/ideatsg.com\/ideateams\/idea-ingenieria-gana-premio-la-mejor-web-empresa-los-x-premios-web-del-diario-la-verdad\/#primaryimage"},"image":{"@id":"https:\/\/ideatsg.com\/ideateams\/idea-ingenieria-gana-premio-la-mejor-web-empresa-los-x-premios-web-del-diario-la-verdad\/#primaryimage"},"thumbnailUrl":"https:\/\/ideatsg.com\/wp-content\/uploads\/2018\/04\/WhatsApp-Image-2018-04-13-at-06.53.16-1.jpeg","datePublished":"2018-04-13T09:56:31+00:00","dateModified":"2021-03-09T17:31:27+00:00","description":"IDEA Ingenier\u00eda gana el premio a la mejor web de empresa en los X Premios WEB de la Regi\u00f3n de Murcia, organizados por el Diario La Verdad.","breadcrumb":{"@id":"https:\/\/ideatsg.com\/ideateams\/idea-ingenieria-gana-premio-la-mejor-web-empresa-los-x-premios-web-del-diario-la-verdad\/#breadcrumb"},"inLanguage":"fr-FR","potentialAction":[{"@type":"ReadAction","target":["https:\/\/ideatsg.com\/ideateams\/idea-ingenieria-gana-premio-la-mejor-web-empresa-los-x-premios-web-del-diario-la-verdad\/"]}]},{"@type":"ImageObject","inLanguage":"fr-FR","@id":"https:\/\/ideatsg.com\/ideateams\/idea-ingenieria-gana-premio-la-mejor-web-empresa-los-x-premios-web-del-diario-la-verdad\/#primaryimage","url":"https:\/\/ideatsg.com\/wp-content\/uploads\/2018\/04\/WhatsApp-Image-2018-04-13-at-06.53.16-1.jpeg","contentUrl":"https:\/\/ideatsg.com\/wp-content\/uploads\/2018\/04\/WhatsApp-Image-2018-04-13-at-06.53.16-1.jpeg","width":939,"height":641},{"@type":"BreadcrumbList","@id":"https:\/\/ideatsg.com\/ideateams\/idea-ingenieria-gana-premio-la-mejor-web-empresa-los-x-premios-web-del-diario-la-verdad\/#breadcrumb","itemListElement":[{"@type":"ListItem","position":1,"name":"Portada","item":"https:\/\/ideatsg.com\/fr\/"},{"@type":"ListItem","position":2,"name":"IDEA Ingenier\u00eda gana el premio a la mejor web de empresa en los X Premios WEB del Diario La Verdad"}]},{"@type":"WebSite","@id":"https:\/\/ideatsg.com\/fr\/#website","url":"https:\/\/ideatsg.com\/fr\/","name":"IDEA TSG","description":"Dise\u00f1o Estructural Avanzado","publisher":{"@id":"https:\/\/ideatsg.com\/fr\/#organization"},"potentialAction":[{"@type":"SearchAction","target":{"@type":"EntryPoint","urlTemplate":"https:\/\/ideatsg.com\/fr\/?s={search_term_string}"},"query-input":{"@type":"PropertyValueSpecification","valueRequired":true,"valueName":"search_term_string"}}],"inLanguage":"fr-FR"},{"@type":"Organization","@id":"https:\/\/ideatsg.com\/fr\/#organization","name":"IDEA TSG","url":"https:\/\/ideatsg.com\/fr\/","logo":{"@type":"ImageObject","inLanguage":"fr-FR","@id":"https:\/\/ideatsg.com\/fr\/#\/schema\/logo\/image\/","url":"https:\/\/ideatsg.com\/wp-content\/uploads\/2021\/10\/idea-ingenieria-logo.png","contentUrl":"https:\/\/ideatsg.com\/wp-content\/uploads\/2021\/10\/idea-ingenieria-logo.png","width":198,"height":41,"caption":"IDEA TSG"},"image":{"@id":"https:\/\/ideatsg.com\/fr\/#\/schema\/logo\/image\/"},"sameAs":["https:\/\/www.facebook.com\/pages\/IDEA_Ingenieria\/128013450698535?fref=ts","https:\/\/www.youtube.com\/user\/ideaingenieria?feature=watch","https:\/\/www.instagram.com\/ideaingenieria\/","https:\/\/www.linkedin.com\/company\/idea-ingenieria"]},{"@type":"Person","@id":"https:\/\/ideatsg.com\/fr\/#\/schema\/person\/b89346e18b7ec9e84fd2d4facca86beb","name":"Comunicaci\u00f3n y Marketing IDEA","image":{"@type":"ImageObject","inLanguage":"fr-FR","@id":"https:\/\/secure.gravatar.com\/avatar\/ceeb47c798c2708c4423c2a2cab80ca86bf99a3ceb23f84aa005ab7b613f0db9?s=96&d=mm&r=g","url":"https:\/\/secure.gravatar.com\/avatar\/ceeb47c798c2708c4423c2a2cab80ca86bf99a3ceb23f84aa005ab7b613f0db9?s=96&d=mm&r=g","contentUrl":"https:\/\/secure.gravatar.com\/avatar\/ceeb47c798c2708c4423c2a2cab80ca86bf99a3ceb23f84aa005ab7b613f0db9?s=96&d=mm&r=g","caption":"Comunicaci\u00f3n y Marketing IDEA"},"url":"https:\/\/ideatsg.com\/fr\/author\/africa\/"}]}},"_links":{"self":[{"href":"https:\/\/ideatsg.com\/fr\/wp-json\/wp\/v2\/posts\/54120","targetHints":{"allow":["GET"]}}],"collection":[{"href":"https:\/\/ideatsg.com\/fr\/wp-json\/wp\/v2\/posts"}],"about":[{"href":"https:\/\/ideatsg.com\/fr\/wp-json\/wp\/v2\/types\/post"}],"author":[{"embeddable":true,"href":"https:\/\/ideatsg.com\/fr\/wp-json\/wp\/v2\/users\/5"}],"replies":[{"embeddable":true,"href":"https:\/\/ideatsg.com\/fr\/wp-json\/wp\/v2\/comments?post=54120"}],"version-history":[{"count":0,"href":"https:\/\/ideatsg.com\/fr\/wp-json\/wp\/v2\/posts\/54120\/revisions"}],"wp:featuredmedia":[{"embeddable":true,"href":"https:\/\/ideatsg.com\/fr\/wp-json\/wp\/v2\/media\/44120"}],"wp:attachment":[{"href":"https:\/\/ideatsg.com\/fr\/wp-json\/wp\/v2\/media?parent=54120"}],"wp:term":[{"taxonomy":"category","embeddable":true,"href":"https:\/\/ideatsg.com\/fr\/wp-json\/wp\/v2\/categories?post=54120"},{"taxonomy":"post_tag","embeddable":true,"href":"https:\/\/ideatsg.com\/fr\/wp-json\/wp\/v2\/tags?post=54120"}],"curies":[{"name":"wp","href":"https:\/\/api.w.org\/{rel}","templated":true}]}}